{"id":990,"date":"2020-08-25T06:59:52","date_gmt":"2020-08-25T06:59:52","guid":{"rendered":"https:\/\/blog-aws.helloauto.com\/?p=990"},"modified":"2024-08-14T11:29:32","modified_gmt":"2024-08-14T09:29:32","slug":"las-infracciones-de-trafico-mas-comunes-en-verano","status":"publish","type":"post","link":"https:\/\/helloauto.com\/blog\/educacion-vial\/las-infracciones-de-trafico-mas-comunes-en-verano\/","title":{"rendered":"Las infracciones de tr\u00e1fico m\u00e1s comunes en verano"},"content":{"rendered":"<div class=\"wp-block-image\">\n<figure class=\"aligncenter size-full\"><img decoding=\"async\" width=\"960\" height=\"421\" src=\"https:\/\/helloauto.com\/blog\/wp-content\/uploads\/2024\/07\/colilla-ventanas.jpg\" alt=\"\" class=\"wp-image-615\" srcset=\"https:\/\/helloauto.com\/blog\/wp-content\/uploads\/2024\/07\/colilla-ventanas.jpg 960w, https:\/\/helloauto.com\/blog\/wp-content\/uploads\/2024\/07\/colilla-ventanas-300x132.jpg 300w, https:\/\/helloauto.com\/blog\/wp-content\/uploads\/2024\/07\/colilla-ventanas-768x337.jpg 768w\" sizes=\"(max-width: 960px) 100vw, 960px\" \/><\/figure>\n<\/div>\n\n\n<p><\/p>\n\n\n<p>La llegada de las <strong>vacaciones <\/strong>implica un<strong> incremento en los desplazamientos <\/strong>por <a href=\"https:\/\/helloauto.com\/glosario\/carreteras\"><span>carretera<\/span><\/a>. El verano trae consigo viajes a la playa, a la sierra o a pasar unos d\u00edas en familia en el pueblo. Sin embargo, hay veces que tambi\u00e9n conlleva una mayor relajaci\u00f3n al volante, habiendo una <strong>serie de infracciones muy t\u00edpicas en la \u00e9poca estival. <\/strong><\/p>\n<p><!--more--><\/p>\n<p style=\"font-size: 18px;\"><strong>EN ESTE ART\u00cdCULO ENCONTRAR\u00c1S<\/strong><\/p>\n<ol>\n<li style=\"font-size: 18px;\"><a href=\"#multas-mas-comunes\" rel=\" noopener\" style=\"font-weight: normal;\">Multas m\u00e1s comunes en verano<\/a><\/li>\n<li style=\"font-size: 18px;\"><a href=\"#ayuda-asistente-conduccion\" rel=\" noopener\" style=\"font-weight: normal;\">La ayuda de un asistente a la conducci\u00f3n<\/a><\/li>\n<\/ol>\n<h2 class=\"top-10\">&nbsp;<\/h2>\n<h2 id=\"multas-mas-comunes\" class=\"top-10\"><strong>Multas m\u00e1s comunes en verano<\/strong><\/h2>\n<p style=\"text-align: justify;\">&nbsp;<\/p>\n<p>A continuaci\u00f3n, te traemos algunas de las <strong>multas de coche m\u00e1s comunes en verano.<\/strong> Comprueba si alguna vez las has cometido y extrema la precauci\u00f3n en la conducci\u00f3n en este periodo veraniego. Recuerda que las normas no s\u00f3lo est\u00e1n para cumplirlas sino que son por nuestra propia <strong>seguridad al volante.&nbsp;&nbsp;<\/strong><\/p>\n<h3 style=\"font-size: 24px;\">&nbsp;<\/h3>\n<h3 style=\"font-size: 24px;\">\u00bfSe puede conducir descalzo o con chanclas?<\/h3>\n<p>En verano, el uso de chanclas y de calzado sin sujeci\u00f3n al pie es muy com\u00fan. Incluso hay <strong>algunos que deciden conducir descalzos.<\/strong> Pero, este \u00faltimo gesto puede resultar un problema en la conducci\u00f3n y, por ende, podr\u00eda suponer una <strong>multa leve de 80 euros. <\/strong>Esto se debe a que conducir descalzo<strong> perjudica al correcto manejo del coche.&nbsp;<\/strong><\/p>\n<p>&nbsp;<\/p>\n<p>Pero, \u00bfy<strong> conducir con chanclas<\/strong>? En este caso, no se trata en s\u00ed de una infracci\u00f3n. Sin embargo, podr\u00eda suponer una infracci\u00f3n si los agentes consideran que <strong>no es un calzado adecuado y seguro al volante.&nbsp;<\/strong><\/p>\n<h3 style=\"font-size: 24px;\">&nbsp;<\/h3>\n<h3 style=\"font-size: 24px;\">Conducir sin camiseta: \u00bfest\u00e1 permitido?<\/h3>\n<p>Al igual que conducir con chanclas, hacerlo sin camiseta no est\u00e1 tipificado como infracci\u00f3n de tr\u00e1fico. Ir con el dorso desnudo podr\u00eda ser objeto de multa <strong>al tratarse de una acci\u00f3n que resultar\u00eda peligrosa en caso de accidente,<\/strong> con quemaduras o da\u00f1os en la piel producidos por el cintur\u00f3n y el <a href=\"https:\/\/helloauto.com\/glosario\/airbag\"><span>airbag<\/span><\/a>.&nbsp;<\/p>\n<p>&nbsp;<\/p>\n<p>Por esta raz\u00f3n, no se aconseja que al volante se vaya sin camiseta y hacerlo podr\u00eda implicar <strong>una sanci\u00f3n leve al volante, <\/strong>seg\u00fan lo determinen los agentes.&nbsp;<\/p>\n<h3 style=\"font-size: 24px;\">&nbsp;<\/h3>\n<h3 style=\"font-size: 24px;\">Colillas por la ventana<\/h3>\n<p>Fumar mientras se conduce no es recomendable por la DGT, pues es una distracci\u00f3n al volante al tener una de las manos ocupadas. Sin embargo, el problema va m\u00e1s all\u00e1 cuando tras fumar<strong> se lanza la colilla por la ventanilla del coche.<\/strong> Esta pr\u00e1ctica es una infracci\u00f3n que puede acarrear una multa de <strong>200 euros y 4 puntos menos en el carn\u00e9 de conducir.&nbsp;<\/strong><\/p>\n<p>&nbsp;<\/p>\n<p>Y, no quedar\u00eda s\u00f3lo ah\u00ed. Si la colilla lanzada fuese causa de un incendio forestal,<strong> la sanci\u00f3n se incrementa hasta a 6 a\u00f1os de c\u00e1rcel. <\/strong>Hay que tener especial cuidado en verano, \u00e9poca en la que los incendios amenazan a nuestros parajes y bosques.&nbsp;<\/p>\n<h3 style=\"font-size: 24px;\">&nbsp;<\/h3>\n<h3 style=\"font-size: 24px;\">Ajustar el GPS mientras conduces<\/h3>\n<p>Cuando viajamos, solemos<strong> ayudarnos de un GPS que nos marque la ruta a seguir.<\/strong> Sin embargo, este hecho supone a veces una distracci\u00f3n al volante. \u201cSu manejo debe realizarse siempre antes de comenzar el viaje y siempre con el veh\u00edculo parado\u201d, recomiendan desde la DGT.&nbsp;<\/p>\n<p>&nbsp;<\/p>\n<p>Manipular o ajustar el GPS mientras conducimos es considerado como una <strong>falta grave, por la que se podr\u00eda penalizar con 200 euros y 3 puntos menos en el carn\u00e9 de conducir.<\/strong> Cabe recordar que el uso de este dispositivo al volante nos lleva a quitar la vista de la carretera, con lo que estar\u00eda en juego nuestra seguridad y la de todos.&nbsp;<\/p>\n<h3 style=\"font-size: 24px;\">&nbsp;<\/h3>\n<h3 style=\"font-size: 24px;\">\u00bfPuedo comer o beber al volante?<\/h3>\n<p>Mantenerse hidratado y con energ\u00eda es vital durante los viajes largos. Sin embargo, no por ello est\u00e1 justificado hacerlo mientras se conduce. <strong>Lo recomendable es parar cada cierto tiempo para comer y beber, sin realizarlo durante la marcha. <\/strong>El problema de hacerlo al volante recae en que supone una gran distracci\u00f3n para el conductor, que tendr\u00e1 adem\u00e1s una de las dos manos ocupadas. Este hecho puede ser muy peligroso ante situaciones imprevistas durante la conducci\u00f3n.&nbsp;<\/p>\n<p>Ahora bien, \u00bfme podr\u00edan multar si voy comiendo o bebiendo al volante? La respuesta es s\u00ed. <strong>La DGT, a trav\u00e9s de los cuerpos de seguridad, podr\u00eda sancionar con una multa de 100 euros. <\/strong><\/p>\n<h2 id=\"ayuda-asistente-conduccion\" class=\"ancla\"><strong>La ayuda de un asistente a la conducci\u00f3n<\/strong><\/h2>\n<p>&nbsp;<\/p>\n<p>Si quieres<strong> mejorar tu conducci\u00f3n durante los viajes largos<\/strong>, conf\u00eda en el asistente de conducci\u00f3n <a href=\"https:\/\/helloauto.com\/connect\" style=\"font-weight: bold;\">Hello Auto Connect<\/a>, que te proporcionar\u00e1 consejos y an\u00e1lisis para mejorar tu seguridad. Puedes disfrutar del dispositivo gratuitamente si cuentas con uno de los seguros de Hello Auto.<strong> Asegura tus viajes y disfruta de las vacaciones de la manera m\u00e1s eficiente al volante. <\/strong><\/p>\n<p>&nbsp;<\/p>\n<p><img decoding=\"async\" src=\"https:\/\/helloauto.com\/blog\/wp-content\/uploads\/2024\/07\/hello-auto-connect-dispositivo.jpg\" alt=\"hello-auto-connect-dispositivo\" width=\"526\" style=\"width: 526px; display: block; margin-left: auto; margin-right: auto;\"><\/p>\n<p style=\"text-align: center;\"><a class=\"helloauto-btn-dark\" href=\"https:\/\/calculatuseguro.helloauto.com\/es-ES\/?hsCtaTracking=f45cad0a-aaf0-46d0-9571-9cf5e9782556%7C6c8b3b17-acf2-4a17-af4d-49a092d30291\">\u00a1Lo Quiero!<\/a><\/p>\n<p>&nbsp;<\/p>","protected":false},"excerpt":{"rendered":"<p>La llegada de las vacaciones implica un incremento en los desplazamientos por carretera. El verano trae consigo viajes a la playa, a la sierra o a pasar unos d\u00edas en familia en el pueblo. Sin embargo, hay veces que tambi\u00e9n conlleva una mayor relajaci\u00f3n al volante, habiendo una serie de infracciones muy t\u00edpicas en la &#8230; <\/p>\n<p class=\"read-more-container\"><a title=\"Las infracciones de tr\u00e1fico m\u00e1s comunes en verano\" class=\"read-more button\" href=\"https:\/\/helloauto.com\/blog\/educacion-vial\/las-infracciones-de-trafico-mas-comunes-en-verano\/#more-990\" aria-label=\"Leer m\u00e1s sobre Las infracciones de tr\u00e1fico m\u00e1s comunes en verano\">Leer m\u00e1s<\/a><\/p>\n","protected":false},"author":3,"featured_media":0,"comment_status":"closed","ping_status":"closed","sticky":false,"template":"","format":"standard","meta":{"footnotes":""},"categories":[5],"tags":[22],"class_list":["post-990","post","type-post","status-publish","format-standard","hentry","category-educacion-vial","tag-educacion-vial","generate-columns","tablet-grid-50","mobile-grid-100","grid-parent","grid-33"],"yoast_head":"<!-- This site is optimized with the Yoast SEO plugin v25.3 - https:\/\/yoast.com\/wordpress\/plugins\/seo\/ -->\n<title>Las infracciones de tr\u00e1fico m\u00e1s comunes en verano<\/title>\n<meta name=\"description\" content=\"La llegada de las vacaciones implica un incremento en los desplazamientos por carretera. El verano trae consigo viajes a la playa, a la sierra o a pasar unos d\u00edas en familia en el pueblo.\" \/>\n<meta name=\"robots\" content=\"index, follow, max-snippet:-1, max-image-preview:large, max-video-preview:-1\" \/>\n<link rel=\"canonical\" href=\"https:\/\/helloauto.com\/blog\/educacion-vial\/las-infracciones-de-trafico-mas-comunes-en-verano\/\" \/>\n<meta property=\"og:locale\" content=\"es_ES\" \/>\n<meta property=\"og:type\" content=\"article\" \/>\n<meta property=\"og:title\" content=\"Las infracciones de tr\u00e1fico m\u00e1s comunes en verano\" \/>\n<meta property=\"og:description\" content=\"La llegada de las vacaciones implica un incremento en los desplazamientos por carretera. El verano trae consigo viajes a la playa, a la sierra o a pasar unos d\u00edas en familia en el pueblo.\" \/>\n<meta property=\"og:url\" content=\"https:\/\/helloauto.com\/blog\/educacion-vial\/las-infracciones-de-trafico-mas-comunes-en-verano\/\" \/>\n<meta property=\"og:site_name\" content=\"Hello Auto Blog\" \/>\n<meta property=\"article:publisher\" content=\"https:\/\/www.facebook.com\/HelloAutoES\/\" \/>\n<meta property=\"article:published_time\" content=\"2020-08-25T06:59:52+00:00\" \/>\n<meta property=\"article:modified_time\" content=\"2024-08-14T09:29:32+00:00\" \/>\n<meta property=\"og:image\" content=\"https:\/\/helloauto.com\/blog\/wp-content\/uploads\/2024\/07\/colilla-ventanas.jpg\" \/>\n<meta name=\"author\" content=\"Marina Bravo\" \/>\n<meta name=\"twitter:card\" content=\"summary_large_image\" \/>\n<meta name=\"twitter:label1\" content=\"Escrito por\" \/>\n\t<meta name=\"twitter:data1\" content=\"Marina Bravo\" \/>\n\t<meta name=\"twitter:label2\" content=\"Tiempo de lectura\" \/>\n\t<meta name=\"twitter:data2\" content=\"4 minutos\" \/>\n<script type=\"application\/ld+json\" class=\"yoast-schema-graph\">{\"@context\":\"https:\/\/schema.org\",\"@graph\":[{\"@type\":\"Article\",\"@id\":\"https:\/\/helloauto.com\/blog\/educacion-vial\/las-infracciones-de-trafico-mas-comunes-en-verano\/#article\",\"isPartOf\":{\"@id\":\"https:\/\/helloauto.com\/blog\/educacion-vial\/las-infracciones-de-trafico-mas-comunes-en-verano\/\"},\"author\":{\"name\":\"Marina Bravo\",\"@id\":\"https:\/\/helloauto.com\/blog\/#\/schema\/person\/2adf575290ab0029f5237dc8d9f097c4\"},\"headline\":\"Las infracciones de tr\u00e1fico m\u00e1s comunes en verano\",\"datePublished\":\"2020-08-25T06:59:52+00:00\",\"dateModified\":\"2024-08-14T09:29:32+00:00\",\"mainEntityOfPage\":{\"@id\":\"https:\/\/helloauto.com\/blog\/educacion-vial\/las-infracciones-de-trafico-mas-comunes-en-verano\/\"},\"wordCount\":807,\"publisher\":{\"@id\":\"https:\/\/helloauto.com\/blog\/#organization\"},\"image\":{\"@id\":\"https:\/\/helloauto.com\/blog\/educacion-vial\/las-infracciones-de-trafico-mas-comunes-en-verano\/#primaryimage\"},\"thumbnailUrl\":\"https:\/\/helloauto.com\/blog\/wp-content\/uploads\/2024\/07\/colilla-ventanas.jpg\",\"keywords\":[\"Educacion Vial\"],\"articleSection\":[\"Educacion vial\"],\"inLanguage\":\"es\"},{\"@type\":\"WebPage\",\"@id\":\"https:\/\/helloauto.com\/blog\/educacion-vial\/las-infracciones-de-trafico-mas-comunes-en-verano\/\",\"url\":\"https:\/\/helloauto.com\/blog\/educacion-vial\/las-infracciones-de-trafico-mas-comunes-en-verano\/\",\"name\":\"Las infracciones de tr\u00e1fico m\u00e1s comunes en verano\",\"isPartOf\":{\"@id\":\"https:\/\/helloauto.com\/blog\/#website\"},\"primaryImageOfPage\":{\"@id\":\"https:\/\/helloauto.com\/blog\/educacion-vial\/las-infracciones-de-trafico-mas-comunes-en-verano\/#primaryimage\"},\"image\":{\"@id\":\"https:\/\/helloauto.com\/blog\/educacion-vial\/las-infracciones-de-trafico-mas-comunes-en-verano\/#primaryimage\"},\"thumbnailUrl\":\"https:\/\/helloauto.com\/blog\/wp-content\/uploads\/2024\/07\/colilla-ventanas.jpg\",\"datePublished\":\"2020-08-25T06:59:52+00:00\",\"dateModified\":\"2024-08-14T09:29:32+00:00\",\"description\":\"La llegada de las vacaciones implica un incremento en los desplazamientos por carretera. El verano trae consigo viajes a la playa, a la sierra o a pasar unos d\u00edas en familia en el pueblo.\",\"breadcrumb\":{\"@id\":\"https:\/\/helloauto.com\/blog\/educacion-vial\/las-infracciones-de-trafico-mas-comunes-en-verano\/#breadcrumb\"},\"inLanguage\":\"es\",\"potentialAction\":[{\"@type\":\"ReadAction\",\"target\":[\"https:\/\/helloauto.com\/blog\/educacion-vial\/las-infracciones-de-trafico-mas-comunes-en-verano\/\"]}]},{\"@type\":\"ImageObject\",\"inLanguage\":\"es\",\"@id\":\"https:\/\/helloauto.com\/blog\/educacion-vial\/las-infracciones-de-trafico-mas-comunes-en-verano\/#primaryimage\",\"url\":\"https:\/\/helloauto.com\/blog\/wp-content\/uploads\/2024\/07\/colilla-ventanas.jpg\",\"contentUrl\":\"https:\/\/helloauto.com\/blog\/wp-content\/uploads\/2024\/07\/colilla-ventanas.jpg\",\"width\":960,\"height\":421},{\"@type\":\"BreadcrumbList\",\"@id\":\"https:\/\/helloauto.com\/blog\/educacion-vial\/las-infracciones-de-trafico-mas-comunes-en-verano\/#breadcrumb\",\"itemListElement\":[{\"@type\":\"ListItem\",\"position\":1,\"name\":\"Home\",\"item\":\"https:\/\/helloauto.com\/blog\/\"},{\"@type\":\"ListItem\",\"position\":2,\"name\":\"Las infracciones de tr\u00e1fico m\u00e1s comunes en verano\"}]},{\"@type\":\"WebSite\",\"@id\":\"https:\/\/helloauto.com\/blog\/#website\",\"url\":\"https:\/\/helloauto.com\/blog\/\",\"name\":\"Blog de coches\",\"description\":\"Actualidad y noticias de automoci\u00f3n y seguros de coche\",\"publisher\":{\"@id\":\"https:\/\/helloauto.com\/blog\/#organization\"},\"alternateName\":\"Blog de coches Hello Auto\",\"potentialAction\":[{\"@type\":\"SearchAction\",\"target\":{\"@type\":\"EntryPoint\",\"urlTemplate\":\"https:\/\/helloauto.com\/blog\/?s={search_term_string}\"},\"query-input\":{\"@type\":\"PropertyValueSpecification\",\"valueRequired\":true,\"valueName\":\"search_term_string\"}}],\"inLanguage\":\"es\"},{\"@type\":\"Organization\",\"@id\":\"https:\/\/helloauto.com\/blog\/#organization\",\"name\":\"Hello Auto Blog\",\"alternateName\":\"Blog de coches Hello Auto\",\"url\":\"https:\/\/helloauto.com\/blog\/\",\"logo\":{\"@type\":\"ImageObject\",\"inLanguage\":\"es\",\"@id\":\"https:\/\/helloauto.com\/blog\/#\/schema\/logo\/image\/\",\"url\":\"https:\/\/helloauto.com\/blog\/wp-content\/uploads\/2024\/05\/cropped-cropped-Logo2.png\",\"contentUrl\":\"https:\/\/helloauto.com\/blog\/wp-content\/uploads\/2024\/05\/cropped-cropped-Logo2.png\",\"width\":562,\"height\":95,\"caption\":\"Hello Auto Blog\"},\"image\":{\"@id\":\"https:\/\/helloauto.com\/blog\/#\/schema\/logo\/image\/\"},\"sameAs\":[\"https:\/\/www.facebook.com\/HelloAutoES\/\",\"https:\/\/www.instagram.com\/helloautoes\/\",\"https:\/\/www.linkedin.com\/company\/hello-auto-insurance\/\",\"https:\/\/www.youtube.com\/@helloautoespana7032\"]},{\"@type\":\"Person\",\"@id\":\"https:\/\/helloauto.com\/blog\/#\/schema\/person\/2adf575290ab0029f5237dc8d9f097c4\",\"name\":\"Marina Bravo\",\"url\":\"https:\/\/helloauto.com\/blog\/author\/marinabravo\/\"}]}<\/script>\n<!-- \/ Yoast SEO plugin. -->","yoast_head_json":{"title":"Las infracciones de tr\u00e1fico m\u00e1s comunes en verano","description":"La llegada de las vacaciones implica un incremento en los desplazamientos por carretera. El verano trae consigo viajes a la playa, a la sierra o a pasar unos d\u00edas en familia en el pueblo.","robots":{"index":"index","follow":"follow","max-snippet":"max-snippet:-1","max-image-preview":"max-image-preview:large","max-video-preview":"max-video-preview:-1"},"canonical":"https:\/\/helloauto.com\/blog\/educacion-vial\/las-infracciones-de-trafico-mas-comunes-en-verano\/","og_locale":"es_ES","og_type":"article","og_title":"Las infracciones de tr\u00e1fico m\u00e1s comunes en verano","og_description":"La llegada de las vacaciones implica un incremento en los desplazamientos por carretera. El verano trae consigo viajes a la playa, a la sierra o a pasar unos d\u00edas en familia en el pueblo.","og_url":"https:\/\/helloauto.com\/blog\/educacion-vial\/las-infracciones-de-trafico-mas-comunes-en-verano\/","og_site_name":"Hello Auto Blog","article_publisher":"https:\/\/www.facebook.com\/HelloAutoES\/","article_published_time":"2020-08-25T06:59:52+00:00","article_modified_time":"2024-08-14T09:29:32+00:00","og_image":[{"url":"https:\/\/helloauto.com\/blog\/wp-content\/uploads\/2024\/07\/colilla-ventanas.jpg","type":"","width":"","height":""}],"author":"Marina Bravo","twitter_card":"summary_large_image","twitter_misc":{"Escrito por":"Marina Bravo","Tiempo de lectura":"4 minutos"},"schema":{"@context":"https:\/\/schema.org","@graph":[{"@type":"Article","@id":"https:\/\/helloauto.com\/blog\/educacion-vial\/las-infracciones-de-trafico-mas-comunes-en-verano\/#article","isPartOf":{"@id":"https:\/\/helloauto.com\/blog\/educacion-vial\/las-infracciones-de-trafico-mas-comunes-en-verano\/"},"author":{"name":"Marina Bravo","@id":"https:\/\/helloauto.com\/blog\/#\/schema\/person\/2adf575290ab0029f5237dc8d9f097c4"},"headline":"Las infracciones de tr\u00e1fico m\u00e1s comunes en verano","datePublished":"2020-08-25T06:59:52+00:00","dateModified":"2024-08-14T09:29:32+00:00","mainEntityOfPage":{"@id":"https:\/\/helloauto.com\/blog\/educacion-vial\/las-infracciones-de-trafico-mas-comunes-en-verano\/"},"wordCount":807,"publisher":{"@id":"https:\/\/helloauto.com\/blog\/#organization"},"image":{"@id":"https:\/\/helloauto.com\/blog\/educacion-vial\/las-infracciones-de-trafico-mas-comunes-en-verano\/#primaryimage"},"thumbnailUrl":"https:\/\/helloauto.com\/blog\/wp-content\/uploads\/2024\/07\/colilla-ventanas.jpg","keywords":["Educacion Vial"],"articleSection":["Educacion vial"],"inLanguage":"es"},{"@type":"WebPage","@id":"https:\/\/helloauto.com\/blog\/educacion-vial\/las-infracciones-de-trafico-mas-comunes-en-verano\/","url":"https:\/\/helloauto.com\/blog\/educacion-vial\/las-infracciones-de-trafico-mas-comunes-en-verano\/","name":"Las infracciones de tr\u00e1fico m\u00e1s comunes en verano","isPartOf":{"@id":"https:\/\/helloauto.com\/blog\/#website"},"primaryImageOfPage":{"@id":"https:\/\/helloauto.com\/blog\/educacion-vial\/las-infracciones-de-trafico-mas-comunes-en-verano\/#primaryimage"},"image":{"@id":"https:\/\/helloauto.com\/blog\/educacion-vial\/las-infracciones-de-trafico-mas-comunes-en-verano\/#primaryimage"},"thumbnailUrl":"https:\/\/helloauto.com\/blog\/wp-content\/uploads\/2024\/07\/colilla-ventanas.jpg","datePublished":"2020-08-25T06:59:52+00:00","dateModified":"2024-08-14T09:29:32+00:00","description":"La llegada de las vacaciones implica un incremento en los desplazamientos por carretera. El verano trae consigo viajes a la playa, a la sierra o a pasar unos d\u00edas en familia en el pueblo.","breadcrumb":{"@id":"https:\/\/helloauto.com\/blog\/educacion-vial\/las-infracciones-de-trafico-mas-comunes-en-verano\/#breadcrumb"},"inLanguage":"es","potentialAction":[{"@type":"ReadAction","target":["https:\/\/helloauto.com\/blog\/educacion-vial\/las-infracciones-de-trafico-mas-comunes-en-verano\/"]}]},{"@type":"ImageObject","inLanguage":"es","@id":"https:\/\/helloauto.com\/blog\/educacion-vial\/las-infracciones-de-trafico-mas-comunes-en-verano\/#primaryimage","url":"https:\/\/helloauto.com\/blog\/wp-content\/uploads\/2024\/07\/colilla-ventanas.jpg","contentUrl":"https:\/\/helloauto.com\/blog\/wp-content\/uploads\/2024\/07\/colilla-ventanas.jpg","width":960,"height":421},{"@type":"BreadcrumbList","@id":"https:\/\/helloauto.com\/blog\/educacion-vial\/las-infracciones-de-trafico-mas-comunes-en-verano\/#breadcrumb","itemListElement":[{"@type":"ListItem","position":1,"name":"Home","item":"https:\/\/helloauto.com\/blog\/"},{"@type":"ListItem","position":2,"name":"Las infracciones de tr\u00e1fico m\u00e1s comunes en verano"}]},{"@type":"WebSite","@id":"https:\/\/helloauto.com\/blog\/#website","url":"https:\/\/helloauto.com\/blog\/","name":"Blog de coches","description":"Actualidad y noticias de automoci\u00f3n y seguros de coche","publisher":{"@id":"https:\/\/helloauto.com\/blog\/#organization"},"alternateName":"Blog de coches Hello Auto","potentialAction":[{"@type":"SearchAction","target":{"@type":"EntryPoint","urlTemplate":"https:\/\/helloauto.com\/blog\/?s={search_term_string}"},"query-input":{"@type":"PropertyValueSpecification","valueRequired":true,"valueName":"search_term_string"}}],"inLanguage":"es"},{"@type":"Organization","@id":"https:\/\/helloauto.com\/blog\/#organization","name":"Hello Auto Blog","alternateName":"Blog de coches Hello Auto","url":"https:\/\/helloauto.com\/blog\/","logo":{"@type":"ImageObject","inLanguage":"es","@id":"https:\/\/helloauto.com\/blog\/#\/schema\/logo\/image\/","url":"https:\/\/helloauto.com\/blog\/wp-content\/uploads\/2024\/05\/cropped-cropped-Logo2.png","contentUrl":"https:\/\/helloauto.com\/blog\/wp-content\/uploads\/2024\/05\/cropped-cropped-Logo2.png","width":562,"height":95,"caption":"Hello Auto Blog"},"image":{"@id":"https:\/\/helloauto.com\/blog\/#\/schema\/logo\/image\/"},"sameAs":["https:\/\/www.facebook.com\/HelloAutoES\/","https:\/\/www.instagram.com\/helloautoes\/","https:\/\/www.linkedin.com\/company\/hello-auto-insurance\/","https:\/\/www.youtube.com\/@helloautoespana7032"]},{"@type":"Person","@id":"https:\/\/helloauto.com\/blog\/#\/schema\/person\/2adf575290ab0029f5237dc8d9f097c4","name":"Marina Bravo","url":"https:\/\/helloauto.com\/blog\/author\/marinabravo\/"}]}},"_links":{"self":[{"href":"https:\/\/helloauto.com\/blog\/wp-json\/wp\/v2\/posts\/990","targetHints":{"allow":["GET"]}}],"collection":[{"href":"https:\/\/helloauto.com\/blog\/wp-json\/wp\/v2\/posts"}],"about":[{"href":"https:\/\/helloauto.com\/blog\/wp-json\/wp\/v2\/types\/post"}],"author":[{"embeddable":true,"href":"https:\/\/helloauto.com\/blog\/wp-json\/wp\/v2\/users\/3"}],"replies":[{"embeddable":true,"href":"https:\/\/helloauto.com\/blog\/wp-json\/wp\/v2\/comments?post=990"}],"version-history":[{"count":2,"href":"https:\/\/helloauto.com\/blog\/wp-json\/wp\/v2\/posts\/990\/revisions"}],"predecessor-version":[{"id":1473,"href":"https:\/\/helloauto.com\/blog\/wp-json\/wp\/v2\/posts\/990\/revisions\/1473"}],"wp:attachment":[{"href":"https:\/\/helloauto.com\/blog\/wp-json\/wp\/v2\/media?parent=990"}],"wp:term":[{"taxonomy":"category","embeddable":true,"href":"https:\/\/helloauto.com\/blog\/wp-json\/wp\/v2\/categories?post=990"},{"taxonomy":"post_tag","embeddable":true,"href":"https:\/\/helloauto.com\/blog\/wp-json\/wp\/v2\/tags?post=990"}],"curies":[{"name":"wp","href":"https:\/\/api.w.org\/{rel}","templated":true}]}}