{"id":937,"date":"2021-01-08T10:45:00","date_gmt":"2021-01-08T10:45:00","guid":{"rendered":"https:\/\/blog-aws.helloauto.com\/?p=937"},"modified":"2024-08-14T11:31:30","modified_gmt":"2024-08-14T09:31:30","slug":"llega-el-invierno-protege-tu-coche-del-frio","status":"publish","type":"post","link":"https:\/\/helloauto.com\/blog\/guias\/llega-el-invierno-protege-tu-coche-del-frio\/","title":{"rendered":"Llega el invierno. \u00a1Protege tu coche del fr\u00edo!"},"content":{"rendered":"<div class=\"wp-block-image\">\n<figure class=\"aligncenter size-full\"><img decoding=\"async\" width=\"960\" height=\"421\" src=\"https:\/\/helloauto.com\/blog\/wp-content\/uploads\/2024\/07\/protege-tu-coche-del-frio.jpg\" alt=\"\" class=\"wp-image-725\" srcset=\"https:\/\/helloauto.com\/blog\/wp-content\/uploads\/2024\/07\/protege-tu-coche-del-frio.jpg 960w, https:\/\/helloauto.com\/blog\/wp-content\/uploads\/2024\/07\/protege-tu-coche-del-frio-300x132.jpg 300w, https:\/\/helloauto.com\/blog\/wp-content\/uploads\/2024\/07\/protege-tu-coche-del-frio-768x337.jpg 768w\" sizes=\"(max-width: 960px) 100vw, 960px\" \/><\/figure>\n<\/div>\n\n\n<p><\/p>\n\n\n<p>Te desvelamos al detalle varios consejos acerca de c\u00f3mo preparar tu veh\u00edculo para las bajas temperaturas del invierno, que se inici\u00f3 el 22 de diciembre.<!--more--><\/p>\n<p><strong>Las temperaturas extremas afectan a nuestro coche<\/strong>. De este modo, tenemos que proteger nuestro coche del fr\u00edo del invierno, que arranc\u00f3 el pasado 22 de diciembre, al igual que <a href=\"\/blog\/guias\/llega-el-verano-5-consejos-de-mantenimiento-del-coche-en-verano\/\" rel=\"noopener\">en verano debemos de llevar a cabo un cuidado especial de nuestro veh\u00edculo<\/a>.\u00a0<\/p>\n<p>Mantener en buen estado y revisar los diferentes el\/blog\/guias\/llega-el-verano-5-consejos-de-mantenimiento-del-coche-en-verano\/\u2197ementos de nuestro veh\u00edculo podr\u00e1 evitar que nuestro coche se vea afectado por el fr\u00edo y sufra da\u00f1os. Ser prevenido en estas fechas <strong>evitar\u00e1 posibles aver\u00edas,<\/strong> como que<a href=\"\/blog\/guias\/que-hacer-cuando-el-coche-no-arranca-por-el-frio\" rel=\"noopener\"> el coche no arranque por el fr\u00edo<\/a>, o incluso problemas al conducir en carretera.<\/p>\n<h2 style=\"font-weight: bold; font-size: 24px;\">5 consejos para proteger tu coche en invierno<\/h2>\n<p>Por esta raz\u00f3n, en Hello Auto te damos cinco consejos que te ayudar\u00e1n a dar el primer paso para cuidar a tu coche del fr\u00edo. Se trata de los <strong>puntos m\u00e1s importantes para mantener la m\u00e1xima seguridad en la carretera este invierno.\u00a0<\/strong><\/p>\n<h3 style=\"font-weight: bold; font-size: 18px;\">\u00a0<\/h3>\n<h3 style=\"font-weight: bold; font-size: 18px;\"><span style=\"color: #434343;\">La bater\u00eda, elemento m\u00e1s importante<\/span><\/h3>\n<p>La <a href=\"https:\/\/helloauto.com\/glosario\/bateria\">bater\u00eda <\/a>del coche es uno de los sistemas de un coche que m\u00e1s se ve afectado por las bajas temperaturas<strong>. Y que el fr\u00edo provoca que el arranque sea m\u00e1s lento.<\/strong> Si tu coche es antiguo, te recomendamos llevarlo a un taller para que compruebe que la carga es correcta antes de que llegue el fr\u00edo.\u00a0<\/p>\n<h3 style=\"font-weight: bold; font-size: 18px;\">\u00a0<\/h3>\n<h3 style=\"font-weight: bold; font-size: 18px;\"><span style=\"color: #434343;\">Revisa las luces<\/span><\/h3>\n<p><strong>En invierno, las horas de luz y la visibilidad se reducen<\/strong>. Hay menos horas de sol y m\u00e1s d\u00edas nublados y lluviosos. Es por ello que ser\u00e1 de vital importancia que tengamos las <a href=\"https:\/\/helloauto.com\/glosario\/luces\">luces <\/a>en perfecto estado. Y, cuando hablamos de las luces, lo hacemos<strong> teniendo en cuenta el estado de los faros o <\/strong><a href=\"https:\/\/helloauto.com\/glosario\/luz-trasera-de-freno\"><strong>las luces de freno<\/strong><\/a><strong>.\u00a0<\/strong><\/p>\n<h3 style=\"font-size: 18px; font-weight: bold;\">\u00a0<\/h3>\n<h3 style=\"font-size: 18px; font-weight: bold;\"><span style=\"color: #434343;\">Comprobar el estado del limpiaparabrisas<\/span><\/h3>\n<p>Las lluvias tambi\u00e9n se vuelven m\u00e1s frecuentes durante el invierno y habr\u00e1 que <strong>mirar que las escobillas del <\/strong><a href=\"https:\/\/helloauto.com\/glosario\/limpiaparabrisas\"><strong>limpiaparabrisas <\/strong><\/a><strong>no est\u00e9n muy desgastadas<\/strong>. Si no est\u00e1n en buen estado podr\u00edan suponer un peligro por la dificultad de visibilidad que presentar\u00eda una lluvia en carretera. Tambi\u00e9n habr\u00e1 que mirar el l\u00edquido del limpiaparabrisas.\u00a0<\/p>\n<h3>\u00a0<\/h3>\n<h3 style=\"font-size: 18px; font-weight: bold;\"><span style=\"color: #434343;\">Presta atenci\u00f3n a los neum\u00e1ticos<\/span><\/h3>\n<p>Con las bajas temperaturas, incluso la llegada de nieve, el pavimento de la carretera se puede ver afectado. Y, deberemos contar con unos buenos <a href=\"https:\/\/helloauto.com\/glosario\/neumatico\">neum\u00e1ticos <\/a>ante esto. Si no tenemos <a href=\"https:\/\/helloauto.com\/glosario\/rueda\">ruedas <\/a>de invierno, <strong>hay que comprobar que no tienen desperfectos (grietas, bultos<\/strong><\/p>\n<h3>\u00a0<\/h3>\n<h3 style=\"font-size: 18px; font-weight: bold;\"><span style=\"color: #434343;\">Que no falle la funci\u00f3n de desempa\u00f1ar los cristales\u00a0<\/span><\/h3>\n<p>El sistema de <a href=\"https:\/\/helloauto.com\/glosario\/aire-acondicionado\">aire acondicionado<\/a> es tan importante en invierno como en verano. Al igual que con las altas temperaturas, ayuda a refrigerar el coche y que la conducci\u00f3n sea m\u00e1s amena, en invierno <strong>su uso permite en la mayor\u00eda de los casos evitar que los cristales se empa\u00f1en y no se vea la carretera<\/strong>. Por esto, debemos de comprobar que todo funciona correctamente en este sistema.<\/p>\n<h4 style=\"font-size: 24px; font-weight: bold;\">Hello Auto Connect, con la mejor asistencia en carretera<\/h4>\n<p>Si tu coche no arranca por el fr\u00edo y no sabes c\u00f3mo actuar, tener un seguro en Hello Auto te ayudar\u00e1 a mantener la calma.<strong> Y es que ser asegurado de Hello Auto te ofrece la posibilidad de pedir tu gr\u00faa sin llamadas en tan s\u00f3lo un minuto y sin importar d\u00f3nde est\u00e9s<\/strong>.\u00a0<\/p>\n<p>As\u00ed, gracias al asistente a la conducci\u00f3n <a href=\"https:\/\/helloauto.com\/connect\">Hello Auto Connect<\/a>, del que podr\u00e1s<a href=\"https:\/\/helloauto.com\/seguros\"> disponer de manera gratuita al tener un seguro con Hello Auto,<\/a> conocemos el lugar exacto donde est\u00e1 tu coche y mandaremos hacia all\u00ed una gr\u00faa.<strong> Lo importante para nosotros es ahorrar tiempo y actuar de la manera m\u00e1s r\u00e1pida y eficaz posible.<\/strong> Si est\u00e1s en Hello Auto, el miedo en carretera no existe.<\/p>\n<p style=\"text-align: center;\"><img decoding=\"async\" style=\"width: 508px;\" src=\"https:\/\/helloauto.com\/blog\/wp-content\/uploads\/2024\/07\/hello-auto-connect-dispositivo.jpg\" alt=\"hello-auto-connect-dispositivo\" width=\"508\" \/><\/p>\n<p style=\"text-align: center;\"><a class=\"helloauto-btn-dark\" href=\"https:\/\/calculatuseguro.helloauto.com\/es-ES\/?hsCtaTracking=f45cad0a-aaf0-46d0-9571-9cf5e9782556%7C6c8b3b17-acf2-4a17-af4d-49a092d30291\">\u00a1Lo Quiero!<\/a><\/p>\n<p style=\"text-align: center;\">\u00a0<\/p>","protected":false},"excerpt":{"rendered":"<p>Te desvelamos al detalle varios consejos acerca de c\u00f3mo preparar tu veh\u00edculo para las bajas temperaturas del invierno, que se inici\u00f3 el 22 de diciembre.<\/p>\n","protected":false},"author":6,"featured_media":0,"comment_status":"closed","ping_status":"closed","sticky":false,"template":"","format":"standard","meta":{"footnotes":""},"categories":[15],"tags":[24],"class_list":["post-937","post","type-post","status-publish","format-standard","hentry","category-guias","tag-guias","generate-columns","tablet-grid-50","mobile-grid-100","grid-parent","grid-33"],"yoast_head":"<!-- This site is optimized with the Yoast SEO plugin v25.3 - https:\/\/yoast.com\/wordpress\/plugins\/seo\/ -->\n<title>Llega el invierno. \u00a1Protege tu coche del fr\u00edo!<\/title>\n<meta name=\"description\" content=\"Te desvelamos al detalle varios consejos acerca de c\u00f3mo preparar tu veh\u00edculo para las bajas temperaturas del invierno, que se inici\u00f3 el 22 de diciembre.\" \/>\n<meta name=\"robots\" content=\"index, follow, max-snippet:-1, max-image-preview:large, max-video-preview:-1\" \/>\n<link rel=\"canonical\" href=\"https:\/\/helloauto.com\/blog\/guias\/llega-el-invierno-protege-tu-coche-del-frio\/\" \/>\n<meta property=\"og:locale\" content=\"es_ES\" \/>\n<meta property=\"og:type\" content=\"article\" \/>\n<meta property=\"og:title\" content=\"Llega el invierno. \u00a1Protege tu coche del fr\u00edo!\" \/>\n<meta property=\"og:description\" content=\"Te desvelamos al detalle varios consejos acerca de c\u00f3mo preparar tu veh\u00edculo para las bajas temperaturas del invierno, que se inici\u00f3 el 22 de diciembre.\" \/>\n<meta property=\"og:url\" content=\"https:\/\/helloauto.com\/blog\/guias\/llega-el-invierno-protege-tu-coche-del-frio\/\" \/>\n<meta property=\"og:site_name\" content=\"Hello Auto Blog\" \/>\n<meta property=\"article:publisher\" content=\"https:\/\/www.facebook.com\/HelloAutoES\/\" \/>\n<meta property=\"article:published_time\" content=\"2021-01-08T10:45:00+00:00\" \/>\n<meta property=\"article:modified_time\" content=\"2024-08-14T09:31:30+00:00\" \/>\n<meta property=\"og:image\" content=\"https:\/\/helloauto.com\/blog\/wp-content\/uploads\/2024\/07\/protege-tu-coche-del-frio.jpg\" \/>\n<meta name=\"author\" content=\"Dani Morilla\" \/>\n<meta name=\"twitter:card\" content=\"summary_large_image\" \/>\n<meta name=\"twitter:label1\" content=\"Escrito por\" \/>\n\t<meta name=\"twitter:data1\" content=\"Dani Morilla\" \/>\n\t<meta name=\"twitter:label2\" content=\"Tiempo de lectura\" \/>\n\t<meta name=\"twitter:data2\" content=\"4 minutos\" \/>\n<script type=\"application\/ld+json\" class=\"yoast-schema-graph\">{\"@context\":\"https:\/\/schema.org\",\"@graph\":[{\"@type\":\"Article\",\"@id\":\"https:\/\/helloauto.com\/blog\/guias\/llega-el-invierno-protege-tu-coche-del-frio\/#article\",\"isPartOf\":{\"@id\":\"https:\/\/helloauto.com\/blog\/guias\/llega-el-invierno-protege-tu-coche-del-frio\/\"},\"author\":{\"name\":\"Dani Morilla\",\"@id\":\"https:\/\/helloauto.com\/blog\/#\/schema\/person\/6bc20cc4adf6bc7bf0188db90c07d298\"},\"headline\":\"Llega el invierno. \u00a1Protege tu coche del fr\u00edo!\",\"datePublished\":\"2021-01-08T10:45:00+00:00\",\"dateModified\":\"2024-08-14T09:31:30+00:00\",\"mainEntityOfPage\":{\"@id\":\"https:\/\/helloauto.com\/blog\/guias\/llega-el-invierno-protege-tu-coche-del-frio\/\"},\"wordCount\":663,\"publisher\":{\"@id\":\"https:\/\/helloauto.com\/blog\/#organization\"},\"image\":{\"@id\":\"https:\/\/helloauto.com\/blog\/guias\/llega-el-invierno-protege-tu-coche-del-frio\/#primaryimage\"},\"thumbnailUrl\":\"https:\/\/helloauto.com\/blog\/wp-content\/uploads\/2024\/07\/protege-tu-coche-del-frio.jpg\",\"keywords\":[\"Guias\"],\"articleSection\":[\"Gu\u00edas\"],\"inLanguage\":\"es\"},{\"@type\":\"WebPage\",\"@id\":\"https:\/\/helloauto.com\/blog\/guias\/llega-el-invierno-protege-tu-coche-del-frio\/\",\"url\":\"https:\/\/helloauto.com\/blog\/guias\/llega-el-invierno-protege-tu-coche-del-frio\/\",\"name\":\"Llega el invierno. \u00a1Protege tu coche del fr\u00edo!\",\"isPartOf\":{\"@id\":\"https:\/\/helloauto.com\/blog\/#website\"},\"primaryImageOfPage\":{\"@id\":\"https:\/\/helloauto.com\/blog\/guias\/llega-el-invierno-protege-tu-coche-del-frio\/#primaryimage\"},\"image\":{\"@id\":\"https:\/\/helloauto.com\/blog\/guias\/llega-el-invierno-protege-tu-coche-del-frio\/#primaryimage\"},\"thumbnailUrl\":\"https:\/\/helloauto.com\/blog\/wp-content\/uploads\/2024\/07\/protege-tu-coche-del-frio.jpg\",\"datePublished\":\"2021-01-08T10:45:00+00:00\",\"dateModified\":\"2024-08-14T09:31:30+00:00\",\"description\":\"Te desvelamos al detalle varios consejos acerca de c\u00f3mo preparar tu veh\u00edculo para las bajas temperaturas del invierno, que se inici\u00f3 el 22 de diciembre.\",\"breadcrumb\":{\"@id\":\"https:\/\/helloauto.com\/blog\/guias\/llega-el-invierno-protege-tu-coche-del-frio\/#breadcrumb\"},\"inLanguage\":\"es\",\"potentialAction\":[{\"@type\":\"ReadAction\",\"target\":[\"https:\/\/helloauto.com\/blog\/guias\/llega-el-invierno-protege-tu-coche-del-frio\/\"]}]},{\"@type\":\"ImageObject\",\"inLanguage\":\"es\",\"@id\":\"https:\/\/helloauto.com\/blog\/guias\/llega-el-invierno-protege-tu-coche-del-frio\/#primaryimage\",\"url\":\"https:\/\/helloauto.com\/blog\/wp-content\/uploads\/2024\/07\/protege-tu-coche-del-frio.jpg\",\"contentUrl\":\"https:\/\/helloauto.com\/blog\/wp-content\/uploads\/2024\/07\/protege-tu-coche-del-frio.jpg\",\"width\":960,\"height\":421},{\"@type\":\"BreadcrumbList\",\"@id\":\"https:\/\/helloauto.com\/blog\/guias\/llega-el-invierno-protege-tu-coche-del-frio\/#breadcrumb\",\"itemListElement\":[{\"@type\":\"ListItem\",\"position\":1,\"name\":\"Home\",\"item\":\"https:\/\/helloauto.com\/blog\/\"},{\"@type\":\"ListItem\",\"position\":2,\"name\":\"Llega el invierno. \u00a1Protege tu coche del fr\u00edo!\"}]},{\"@type\":\"WebSite\",\"@id\":\"https:\/\/helloauto.com\/blog\/#website\",\"url\":\"https:\/\/helloauto.com\/blog\/\",\"name\":\"Blog de coches\",\"description\":\"Actualidad y noticias de automoci\u00f3n y seguros de coche\",\"publisher\":{\"@id\":\"https:\/\/helloauto.com\/blog\/#organization\"},\"alternateName\":\"Blog de coches Hello Auto\",\"potentialAction\":[{\"@type\":\"SearchAction\",\"target\":{\"@type\":\"EntryPoint\",\"urlTemplate\":\"https:\/\/helloauto.com\/blog\/?s={search_term_string}\"},\"query-input\":{\"@type\":\"PropertyValueSpecification\",\"valueRequired\":true,\"valueName\":\"search_term_string\"}}],\"inLanguage\":\"es\"},{\"@type\":\"Organization\",\"@id\":\"https:\/\/helloauto.com\/blog\/#organization\",\"name\":\"Hello Auto Blog\",\"alternateName\":\"Blog de coches Hello Auto\",\"url\":\"https:\/\/helloauto.com\/blog\/\",\"logo\":{\"@type\":\"ImageObject\",\"inLanguage\":\"es\",\"@id\":\"https:\/\/helloauto.com\/blog\/#\/schema\/logo\/image\/\",\"url\":\"https:\/\/helloauto.com\/blog\/wp-content\/uploads\/2024\/05\/cropped-cropped-Logo2.png\",\"contentUrl\":\"https:\/\/helloauto.com\/blog\/wp-content\/uploads\/2024\/05\/cropped-cropped-Logo2.png\",\"width\":562,\"height\":95,\"caption\":\"Hello Auto Blog\"},\"image\":{\"@id\":\"https:\/\/helloauto.com\/blog\/#\/schema\/logo\/image\/\"},\"sameAs\":[\"https:\/\/www.facebook.com\/HelloAutoES\/\",\"https:\/\/www.instagram.com\/helloautoes\/\",\"https:\/\/www.linkedin.com\/company\/hello-auto-insurance\/\",\"https:\/\/www.youtube.com\/@helloautoespana7032\"]},{\"@type\":\"Person\",\"@id\":\"https:\/\/helloauto.com\/blog\/#\/schema\/person\/6bc20cc4adf6bc7bf0188db90c07d298\",\"name\":\"Dani Morilla\",\"url\":\"https:\/\/helloauto.com\/blog\/author\/danimorilla\/\"}]}<\/script>\n<!-- \/ Yoast SEO plugin. -->","yoast_head_json":{"title":"Llega el invierno. \u00a1Protege tu coche del fr\u00edo!","description":"Te desvelamos al detalle varios consejos acerca de c\u00f3mo preparar tu veh\u00edculo para las bajas temperaturas del invierno, que se inici\u00f3 el 22 de diciembre.","robots":{"index":"index","follow":"follow","max-snippet":"max-snippet:-1","max-image-preview":"max-image-preview:large","max-video-preview":"max-video-preview:-1"},"canonical":"https:\/\/helloauto.com\/blog\/guias\/llega-el-invierno-protege-tu-coche-del-frio\/","og_locale":"es_ES","og_type":"article","og_title":"Llega el invierno. \u00a1Protege tu coche del fr\u00edo!","og_description":"Te desvelamos al detalle varios consejos acerca de c\u00f3mo preparar tu veh\u00edculo para las bajas temperaturas del invierno, que se inici\u00f3 el 22 de diciembre.","og_url":"https:\/\/helloauto.com\/blog\/guias\/llega-el-invierno-protege-tu-coche-del-frio\/","og_site_name":"Hello Auto Blog","article_publisher":"https:\/\/www.facebook.com\/HelloAutoES\/","article_published_time":"2021-01-08T10:45:00+00:00","article_modified_time":"2024-08-14T09:31:30+00:00","og_image":[{"url":"https:\/\/helloauto.com\/blog\/wp-content\/uploads\/2024\/07\/protege-tu-coche-del-frio.jpg","type":"","width":"","height":""}],"author":"Dani Morilla","twitter_card":"summary_large_image","twitter_misc":{"Escrito por":"Dani Morilla","Tiempo de lectura":"4 minutos"},"schema":{"@context":"https:\/\/schema.org","@graph":[{"@type":"Article","@id":"https:\/\/helloauto.com\/blog\/guias\/llega-el-invierno-protege-tu-coche-del-frio\/#article","isPartOf":{"@id":"https:\/\/helloauto.com\/blog\/guias\/llega-el-invierno-protege-tu-coche-del-frio\/"},"author":{"name":"Dani Morilla","@id":"https:\/\/helloauto.com\/blog\/#\/schema\/person\/6bc20cc4adf6bc7bf0188db90c07d298"},"headline":"Llega el invierno. \u00a1Protege tu coche del fr\u00edo!","datePublished":"2021-01-08T10:45:00+00:00","dateModified":"2024-08-14T09:31:30+00:00","mainEntityOfPage":{"@id":"https:\/\/helloauto.com\/blog\/guias\/llega-el-invierno-protege-tu-coche-del-frio\/"},"wordCount":663,"publisher":{"@id":"https:\/\/helloauto.com\/blog\/#organization"},"image":{"@id":"https:\/\/helloauto.com\/blog\/guias\/llega-el-invierno-protege-tu-coche-del-frio\/#primaryimage"},"thumbnailUrl":"https:\/\/helloauto.com\/blog\/wp-content\/uploads\/2024\/07\/protege-tu-coche-del-frio.jpg","keywords":["Guias"],"articleSection":["Gu\u00edas"],"inLanguage":"es"},{"@type":"WebPage","@id":"https:\/\/helloauto.com\/blog\/guias\/llega-el-invierno-protege-tu-coche-del-frio\/","url":"https:\/\/helloauto.com\/blog\/guias\/llega-el-invierno-protege-tu-coche-del-frio\/","name":"Llega el invierno. \u00a1Protege tu coche del fr\u00edo!","isPartOf":{"@id":"https:\/\/helloauto.com\/blog\/#website"},"primaryImageOfPage":{"@id":"https:\/\/helloauto.com\/blog\/guias\/llega-el-invierno-protege-tu-coche-del-frio\/#primaryimage"},"image":{"@id":"https:\/\/helloauto.com\/blog\/guias\/llega-el-invierno-protege-tu-coche-del-frio\/#primaryimage"},"thumbnailUrl":"https:\/\/helloauto.com\/blog\/wp-content\/uploads\/2024\/07\/protege-tu-coche-del-frio.jpg","datePublished":"2021-01-08T10:45:00+00:00","dateModified":"2024-08-14T09:31:30+00:00","description":"Te desvelamos al detalle varios consejos acerca de c\u00f3mo preparar tu veh\u00edculo para las bajas temperaturas del invierno, que se inici\u00f3 el 22 de diciembre.","breadcrumb":{"@id":"https:\/\/helloauto.com\/blog\/guias\/llega-el-invierno-protege-tu-coche-del-frio\/#breadcrumb"},"inLanguage":"es","potentialAction":[{"@type":"ReadAction","target":["https:\/\/helloauto.com\/blog\/guias\/llega-el-invierno-protege-tu-coche-del-frio\/"]}]},{"@type":"ImageObject","inLanguage":"es","@id":"https:\/\/helloauto.com\/blog\/guias\/llega-el-invierno-protege-tu-coche-del-frio\/#primaryimage","url":"https:\/\/helloauto.com\/blog\/wp-content\/uploads\/2024\/07\/protege-tu-coche-del-frio.jpg","contentUrl":"https:\/\/helloauto.com\/blog\/wp-content\/uploads\/2024\/07\/protege-tu-coche-del-frio.jpg","width":960,"height":421},{"@type":"BreadcrumbList","@id":"https:\/\/helloauto.com\/blog\/guias\/llega-el-invierno-protege-tu-coche-del-frio\/#breadcrumb","itemListElement":[{"@type":"ListItem","position":1,"name":"Home","item":"https:\/\/helloauto.com\/blog\/"},{"@type":"ListItem","position":2,"name":"Llega el invierno. \u00a1Protege tu coche del fr\u00edo!"}]},{"@type":"WebSite","@id":"https:\/\/helloauto.com\/blog\/#website","url":"https:\/\/helloauto.com\/blog\/","name":"Blog de coches","description":"Actualidad y noticias de automoci\u00f3n y seguros de coche","publisher":{"@id":"https:\/\/helloauto.com\/blog\/#organization"},"alternateName":"Blog de coches Hello Auto","potentialAction":[{"@type":"SearchAction","target":{"@type":"EntryPoint","urlTemplate":"https:\/\/helloauto.com\/blog\/?s={search_term_string}"},"query-input":{"@type":"PropertyValueSpecification","valueRequired":true,"valueName":"search_term_string"}}],"inLanguage":"es"},{"@type":"Organization","@id":"https:\/\/helloauto.com\/blog\/#organization","name":"Hello Auto Blog","alternateName":"Blog de coches Hello Auto","url":"https:\/\/helloauto.com\/blog\/","logo":{"@type":"ImageObject","inLanguage":"es","@id":"https:\/\/helloauto.com\/blog\/#\/schema\/logo\/image\/","url":"https:\/\/helloauto.com\/blog\/wp-content\/uploads\/2024\/05\/cropped-cropped-Logo2.png","contentUrl":"https:\/\/helloauto.com\/blog\/wp-content\/uploads\/2024\/05\/cropped-cropped-Logo2.png","width":562,"height":95,"caption":"Hello Auto Blog"},"image":{"@id":"https:\/\/helloauto.com\/blog\/#\/schema\/logo\/image\/"},"sameAs":["https:\/\/www.facebook.com\/HelloAutoES\/","https:\/\/www.instagram.com\/helloautoes\/","https:\/\/www.linkedin.com\/company\/hello-auto-insurance\/","https:\/\/www.youtube.com\/@helloautoespana7032"]},{"@type":"Person","@id":"https:\/\/helloauto.com\/blog\/#\/schema\/person\/6bc20cc4adf6bc7bf0188db90c07d298","name":"Dani Morilla","url":"https:\/\/helloauto.com\/blog\/author\/danimorilla\/"}]}},"_links":{"self":[{"href":"https:\/\/helloauto.com\/blog\/wp-json\/wp\/v2\/posts\/937","targetHints":{"allow":["GET"]}}],"collection":[{"href":"https:\/\/helloauto.com\/blog\/wp-json\/wp\/v2\/posts"}],"about":[{"href":"https:\/\/helloauto.com\/blog\/wp-json\/wp\/v2\/types\/post"}],"author":[{"embeddable":true,"href":"https:\/\/helloauto.com\/blog\/wp-json\/wp\/v2\/users\/6"}],"replies":[{"embeddable":true,"href":"https:\/\/helloauto.com\/blog\/wp-json\/wp\/v2\/comments?post=937"}],"version-history":[{"count":6,"href":"https:\/\/helloauto.com\/blog\/wp-json\/wp\/v2\/posts\/937\/revisions"}],"predecessor-version":[{"id":1731,"href":"https:\/\/helloauto.com\/blog\/wp-json\/wp\/v2\/posts\/937\/revisions\/1731"}],"wp:attachment":[{"href":"https:\/\/helloauto.com\/blog\/wp-json\/wp\/v2\/media?parent=937"}],"wp:term":[{"taxonomy":"category","embeddable":true,"href":"https:\/\/helloauto.com\/blog\/wp-json\/wp\/v2\/categories?post=937"},{"taxonomy":"post_tag","embeddable":true,"href":"https:\/\/helloauto.com\/blog\/wp-json\/wp\/v2\/tags?post=937"}],"curies":[{"name":"wp","href":"https:\/\/api.w.org\/{rel}","templated":true}]}}