{"id":1045,"date":"2020-04-20T09:06:58","date_gmt":"2020-04-20T09:06:58","guid":{"rendered":"https:\/\/blog-aws.helloauto.com\/?p=1045"},"modified":"2024-08-14T11:30:25","modified_gmt":"2024-08-14T09:30:25","slug":"ha-potenciado-el-covid-19-el-interes-por-el-coche-electrico","status":"publish","type":"post","link":"https:\/\/helloauto.com\/blog\/coches-electricos\/ha-potenciado-el-covid-19-el-interes-por-el-coche-electrico\/","title":{"rendered":"\u00bfHa potenciado el COVID-19 el inter\u00e9s por el coche el\u00e9ctrico?"},"content":{"rendered":"<div class=\"wp-block-image\">\n<figure class=\"aligncenter size-full\"><img decoding=\"async\" width=\"960\" height=\"421\" src=\"https:\/\/helloauto.com\/blog\/wp-content\/uploads\/2024\/07\/coche-electrico.jpg\" alt=\"\" class=\"wp-image-603\" srcset=\"https:\/\/helloauto.com\/blog\/wp-content\/uploads\/2024\/07\/coche-electrico.jpg 960w, https:\/\/helloauto.com\/blog\/wp-content\/uploads\/2024\/07\/coche-electrico-300x132.jpg 300w, https:\/\/helloauto.com\/blog\/wp-content\/uploads\/2024\/07\/coche-electrico-768x337.jpg 768w\" sizes=\"(max-width: 960px) 100vw, 960px\" \/><\/figure>\n<\/div>\n\n\n<p><\/p>\n\n\n<p>Estos d\u00edas de confinamiento han cambiado cada uno de los sectores de nuestra sociedad, apuntando a una reinvenci\u00f3n y cambio de perspectivas que tambi\u00e9n ha llegado al mundo de la automoci\u00f3n. En concreto, a todas aquellas personas que ya se replantean las muchas <strong>ventajas del coche el\u00e9ctrico<\/strong>.<\/p>\n<p><!--more--><\/p>\n<p style=\"font-size: 18px;\"><strong>EN ESTE ART\u00cdCULO ENCONTRAR\u00c1S<\/strong><\/p>\n<ol>\n<li style=\"font-size: 18px;\"><a href=\"#cielos-limpio\" rel=\" noopener\" style=\"font-weight: normal;\">Cielos limpios, nuevo futuro<\/a><\/li>\n<li style=\"font-size: 18px;\"><a href=\"#cambiar-coche\" rel=\" noopener\" style=\"font-weight: normal;\">La necesidad de cambiar a coche el\u00e9ctrico<\/a>&nbsp;<\/li>\n<\/ol>\n<h2 id=\"cielos-limpios\" class=\"ancla\"><span style=\"font-size: 24px;\"><strong>Cielos limpios, nuevo futuro<\/strong><\/span><\/h2>\n<p>El COVID-19 se expande por todo el mundo, obligando a las personas a confinarse en sus casas ante un estado de alarma que ha bloqueada parcialmente los ciclos sociales por todos conocidos. Una situaci\u00f3n l\u00edmite, conocida ya como el \u201cLa Gran Reclusi\u00f3n\u201d, que ha cambiado las reglas del juego por completo.<\/p>\n<p>Pero no todo es desolador: la naturaleza parece vivir una segunda primavera, como bien muestran las calles de diferentes ciudades tomadas por ciervos o jabal\u00edes, \u00e1rboles que invaden calles o, por supuesto, unos cielos m\u00e1s limpios que nunca.<\/p>\n<p>Una realidad que ha llevado a m\u00e1s de uno a replantearse el futuro del planeta y la importancia que la reducci\u00f3n de impacto ambiental puede aportarnos. \u00bfY cu\u00e1l es uno de los mejores aliados para proseguir con este estado cuando todo pase? El coche el\u00e9ctrico, alternativa que estos d\u00edas goza de una mayor aceptaci\u00f3n que nunca.<\/p>\n<h2 id=\"cambiar-coche\" class=\"ancla\"><span style=\"font-size: 24px;\"><strong>La necesidad de cambiar a coche el\u00e9ctrico<\/strong><\/span><\/h2>\n<p>En un momento en que los datos son esenciales para dibujar nuestro inminente futuro, la empresa Venson Automotive Solutions ha realizado una encuesta a diferentes ciudadanos del Reino Unido a fin de descubrir la aceptaci\u00f3n del consumidor acerca de las ventajas del coche el\u00e9ctrico. Y la respuesta no ha podido ser m\u00e1s entusiasta.<\/p>\n<p>De todos los encuestados, un 45% ha reconocido que a lo largo de esta cuarentena se ha planteado la posibilidad de cambiar a un coche el\u00e9ctrico en el futuro. De este 45%, el 17% de los encuestados han afirmado que ya hab\u00edan tomado conciencia de esta necesidad mucho antes de la llegada del COVID-19, mientras que el 26% restante ha confirmado que les gustar\u00eda pasarse a los coches de cero emisiones en los pr\u00f3ximos meses. O incluso semanas.<\/p>\n<p>Por otra parte, otra encuesta realizada por la misma empresa, confirma que un 62% de los consumidores apuestan por una infraestructura de carga acorde a estos nuevos cambios, mientras un 38% hace hincapi\u00e9 en la importancia de m\u00e1s zonas con aire limpio.&nbsp;<\/p>\n<p>Datos que resultan a\u00fan m\u00e1s sorprendentes cuando la misma Venson realiz\u00f3 la misma encuesta en julio de 2019, arrojando como resultado un 41% de las personas que se planteaban el cambio, salvo que en aquel momento, casi un 15% aseguraba que no lo har\u00eda hasta dentro de unos 10 o 15 a\u00f1os.&nbsp;<\/p>\n<p>De esta forma, la relativa pasividad de algunas personas respecto a la situaci\u00f3n medioambiental ha cambiado por completo durante unos d\u00edas de cuarentena a partir de los cuales el mundo nunca volver\u00e1 a ser igual. Especialmente desde que hemos descubierto en qu\u00e9 hab\u00edamos convertido el planeta pero, especialmente, su naturaleza.&nbsp;<\/p>\n<p>Si t\u00fa tambi\u00e9n buscas pasarte a las muchas ventajas del coche el\u00e9ctrico en el futuro, recuerda que seguir\u00e1s necesitando <strong>el mejor <\/strong><a href=\"https:\/\/helloauto.com\/\"><strong>seguro<\/strong><\/a><strong>. <\/strong><\/p>\n<p style=\"text-align: center;\">&nbsp;<\/p>\n<p style=\"text-align: center;\"><strong><img decoding=\"async\" src=\"https:\/\/helloauto.com\/blog\/wp-content\/uploads\/2024\/08\/Grupo-13724.webp\" alt=\"Grupo 13724\" width=\"773\" style=\"width: 773px;\"><\/strong><\/p>\n<p style=\"text-align: center;\"><strong><a class=\"helloauto-btn-dark\" href=\"https:\/\/calculatuseguro.helloauto.com\/es-ES\/?hsCtaTracking=f45cad0a-aaf0-46d0-9571-9cf5e9782556%7C6c8b3b17-acf2-4a17-af4d-49a092d30291\">\u00a1Lo Quiero!<\/a><\/strong><\/p>\n<p style=\"text-align: center;\">&nbsp;<\/p>\n<p>&nbsp;<\/p>","protected":false},"excerpt":{"rendered":"<p>Estos d\u00edas de confinamiento han cambiado cada uno de los sectores de nuestra sociedad, apuntando a una reinvenci\u00f3n y cambio de perspectivas que tambi\u00e9n ha llegado al mundo de la automoci\u00f3n. En concreto, a todas aquellas personas que ya se replantean las muchas ventajas del coche el\u00e9ctrico.<\/p>\n","protected":false},"author":7,"featured_media":0,"comment_status":"closed","ping_status":"closed","sticky":false,"template":"","format":"standard","meta":{"footnotes":""},"categories":[8],"tags":[20],"class_list":["post-1045","post","type-post","status-publish","format-standard","hentry","category-coches-electricos","tag-coches-electricos","generate-columns","tablet-grid-50","mobile-grid-100","grid-parent","grid-33"],"yoast_head":"<!-- This site is optimized with the Yoast SEO plugin v25.3 - https:\/\/yoast.com\/wordpress\/plugins\/seo\/ -->\n<title>\u00bfHa potenciado el COVID-19 el inter\u00e9s por el coche el\u00e9ctrico?<\/title>\n<meta name=\"description\" content=\"Estos d\u00edas de confinamiento han cambiado cada uno de los sectores de nuestra sociedad, apuntando a una reinvenci\u00f3n y cambio de perspectivas que tambi\u00e9n ha llegado al mundo de la automoci\u00f3n.\" \/>\n<meta name=\"robots\" content=\"index, follow, max-snippet:-1, max-image-preview:large, max-video-preview:-1\" \/>\n<link rel=\"canonical\" href=\"https:\/\/helloauto.com\/blog\/coches-electricos\/ha-potenciado-el-covid-19-el-interes-por-el-coche-electrico\/\" \/>\n<meta property=\"og:locale\" content=\"es_ES\" \/>\n<meta property=\"og:type\" content=\"article\" \/>\n<meta property=\"og:title\" content=\"\u00bfHa potenciado el COVID-19 el inter\u00e9s por el coche el\u00e9ctrico?\" \/>\n<meta property=\"og:description\" content=\"Estos d\u00edas de confinamiento han cambiado cada uno de los sectores de nuestra sociedad, apuntando a una reinvenci\u00f3n y cambio de perspectivas que tambi\u00e9n ha llegado al mundo de la automoci\u00f3n.\" \/>\n<meta property=\"og:url\" content=\"https:\/\/helloauto.com\/blog\/coches-electricos\/ha-potenciado-el-covid-19-el-interes-por-el-coche-electrico\/\" \/>\n<meta property=\"og:site_name\" content=\"Hello Auto Blog\" \/>\n<meta property=\"article:publisher\" content=\"https:\/\/www.facebook.com\/HelloAutoES\/\" \/>\n<meta property=\"article:published_time\" content=\"2020-04-20T09:06:58+00:00\" \/>\n<meta property=\"article:modified_time\" content=\"2024-08-14T09:30:25+00:00\" \/>\n<meta property=\"og:image\" content=\"https:\/\/helloauto.com\/blog\/wp-content\/uploads\/2024\/07\/coche-electrico.jpg\" \/>\n<meta name=\"author\" content=\"Adri\u00e1n M\u00e1rquez\" \/>\n<meta name=\"twitter:card\" content=\"summary_large_image\" \/>\n<meta name=\"twitter:label1\" content=\"Escrito por\" \/>\n\t<meta name=\"twitter:data1\" content=\"Adri\u00e1n M\u00e1rquez\" \/>\n\t<meta name=\"twitter:label2\" content=\"Tiempo de lectura\" \/>\n\t<meta name=\"twitter:data2\" content=\"3 minutos\" \/>\n<script type=\"application\/ld+json\" class=\"yoast-schema-graph\">{\"@context\":\"https:\/\/schema.org\",\"@graph\":[{\"@type\":\"Article\",\"@id\":\"https:\/\/helloauto.com\/blog\/coches-electricos\/ha-potenciado-el-covid-19-el-interes-por-el-coche-electrico\/#article\",\"isPartOf\":{\"@id\":\"https:\/\/helloauto.com\/blog\/coches-electricos\/ha-potenciado-el-covid-19-el-interes-por-el-coche-electrico\/\"},\"author\":{\"name\":\"Adri\u00e1n M\u00e1rquez\",\"@id\":\"https:\/\/helloauto.com\/blog\/#\/schema\/person\/b9c79829d795e6ac5bb5bcb74513f237\"},\"headline\":\"\u00bfHa potenciado el COVID-19 el inter\u00e9s por el coche el\u00e9ctrico?\",\"datePublished\":\"2020-04-20T09:06:58+00:00\",\"dateModified\":\"2024-08-14T09:30:25+00:00\",\"mainEntityOfPage\":{\"@id\":\"https:\/\/helloauto.com\/blog\/coches-electricos\/ha-potenciado-el-covid-19-el-interes-por-el-coche-electrico\/\"},\"wordCount\":563,\"publisher\":{\"@id\":\"https:\/\/helloauto.com\/blog\/#organization\"},\"image\":{\"@id\":\"https:\/\/helloauto.com\/blog\/coches-electricos\/ha-potenciado-el-covid-19-el-interes-por-el-coche-electrico\/#primaryimage\"},\"thumbnailUrl\":\"https:\/\/helloauto.com\/blog\/wp-content\/uploads\/2024\/07\/coche-electrico.jpg\",\"keywords\":[\"Coches electricos\"],\"articleSection\":[\"Coches electricos\"],\"inLanguage\":\"es\"},{\"@type\":\"WebPage\",\"@id\":\"https:\/\/helloauto.com\/blog\/coches-electricos\/ha-potenciado-el-covid-19-el-interes-por-el-coche-electrico\/\",\"url\":\"https:\/\/helloauto.com\/blog\/coches-electricos\/ha-potenciado-el-covid-19-el-interes-por-el-coche-electrico\/\",\"name\":\"\u00bfHa potenciado el COVID-19 el inter\u00e9s por el coche el\u00e9ctrico?\",\"isPartOf\":{\"@id\":\"https:\/\/helloauto.com\/blog\/#website\"},\"primaryImageOfPage\":{\"@id\":\"https:\/\/helloauto.com\/blog\/coches-electricos\/ha-potenciado-el-covid-19-el-interes-por-el-coche-electrico\/#primaryimage\"},\"image\":{\"@id\":\"https:\/\/helloauto.com\/blog\/coches-electricos\/ha-potenciado-el-covid-19-el-interes-por-el-coche-electrico\/#primaryimage\"},\"thumbnailUrl\":\"https:\/\/helloauto.com\/blog\/wp-content\/uploads\/2024\/07\/coche-electrico.jpg\",\"datePublished\":\"2020-04-20T09:06:58+00:00\",\"dateModified\":\"2024-08-14T09:30:25+00:00\",\"description\":\"Estos d\u00edas de confinamiento han cambiado cada uno de los sectores de nuestra sociedad, apuntando a una reinvenci\u00f3n y cambio de perspectivas que tambi\u00e9n ha llegado al mundo de la automoci\u00f3n.\",\"breadcrumb\":{\"@id\":\"https:\/\/helloauto.com\/blog\/coches-electricos\/ha-potenciado-el-covid-19-el-interes-por-el-coche-electrico\/#breadcrumb\"},\"inLanguage\":\"es\",\"potentialAction\":[{\"@type\":\"ReadAction\",\"target\":[\"https:\/\/helloauto.com\/blog\/coches-electricos\/ha-potenciado-el-covid-19-el-interes-por-el-coche-electrico\/\"]}]},{\"@type\":\"ImageObject\",\"inLanguage\":\"es\",\"@id\":\"https:\/\/helloauto.com\/blog\/coches-electricos\/ha-potenciado-el-covid-19-el-interes-por-el-coche-electrico\/#primaryimage\",\"url\":\"https:\/\/helloauto.com\/blog\/wp-content\/uploads\/2024\/07\/coche-electrico.jpg\",\"contentUrl\":\"https:\/\/helloauto.com\/blog\/wp-content\/uploads\/2024\/07\/coche-electrico.jpg\",\"width\":960,\"height\":421},{\"@type\":\"BreadcrumbList\",\"@id\":\"https:\/\/helloauto.com\/blog\/coches-electricos\/ha-potenciado-el-covid-19-el-interes-por-el-coche-electrico\/#breadcrumb\",\"itemListElement\":[{\"@type\":\"ListItem\",\"position\":1,\"name\":\"Home\",\"item\":\"https:\/\/helloauto.com\/blog\/\"},{\"@type\":\"ListItem\",\"position\":2,\"name\":\"\u00bfHa potenciado el COVID-19 el inter\u00e9s por el coche el\u00e9ctrico?\"}]},{\"@type\":\"WebSite\",\"@id\":\"https:\/\/helloauto.com\/blog\/#website\",\"url\":\"https:\/\/helloauto.com\/blog\/\",\"name\":\"Blog de coches\",\"description\":\"Actualidad y noticias de automoci\u00f3n y seguros de coche\",\"publisher\":{\"@id\":\"https:\/\/helloauto.com\/blog\/#organization\"},\"alternateName\":\"Blog de coches Hello Auto\",\"potentialAction\":[{\"@type\":\"SearchAction\",\"target\":{\"@type\":\"EntryPoint\",\"urlTemplate\":\"https:\/\/helloauto.com\/blog\/?s={search_term_string}\"},\"query-input\":{\"@type\":\"PropertyValueSpecification\",\"valueRequired\":true,\"valueName\":\"search_term_string\"}}],\"inLanguage\":\"es\"},{\"@type\":\"Organization\",\"@id\":\"https:\/\/helloauto.com\/blog\/#organization\",\"name\":\"Hello Auto Blog\",\"alternateName\":\"Blog de coches Hello Auto\",\"url\":\"https:\/\/helloauto.com\/blog\/\",\"logo\":{\"@type\":\"ImageObject\",\"inLanguage\":\"es\",\"@id\":\"https:\/\/helloauto.com\/blog\/#\/schema\/logo\/image\/\",\"url\":\"https:\/\/helloauto.com\/blog\/wp-content\/uploads\/2024\/05\/cropped-cropped-Logo2.png\",\"contentUrl\":\"https:\/\/helloauto.com\/blog\/wp-content\/uploads\/2024\/05\/cropped-cropped-Logo2.png\",\"width\":562,\"height\":95,\"caption\":\"Hello Auto Blog\"},\"image\":{\"@id\":\"https:\/\/helloauto.com\/blog\/#\/schema\/logo\/image\/\"},\"sameAs\":[\"https:\/\/www.facebook.com\/HelloAutoES\/\",\"https:\/\/www.instagram.com\/helloautoes\/\",\"https:\/\/www.linkedin.com\/company\/hello-auto-insurance\/\",\"https:\/\/www.youtube.com\/@helloautoespana7032\"]},{\"@type\":\"Person\",\"@id\":\"https:\/\/helloauto.com\/blog\/#\/schema\/person\/b9c79829d795e6ac5bb5bcb74513f237\",\"name\":\"Adri\u00e1n M\u00e1rquez\",\"url\":\"https:\/\/helloauto.com\/blog\/author\/adrianmarquez\/\"}]}<\/script>\n<!-- \/ Yoast SEO plugin. -->","yoast_head_json":{"title":"\u00bfHa potenciado el COVID-19 el inter\u00e9s por el coche el\u00e9ctrico?","description":"Estos d\u00edas de confinamiento han cambiado cada uno de los sectores de nuestra sociedad, apuntando a una reinvenci\u00f3n y cambio de perspectivas que tambi\u00e9n ha llegado al mundo de la automoci\u00f3n.","robots":{"index":"index","follow":"follow","max-snippet":"max-snippet:-1","max-image-preview":"max-image-preview:large","max-video-preview":"max-video-preview:-1"},"canonical":"https:\/\/helloauto.com\/blog\/coches-electricos\/ha-potenciado-el-covid-19-el-interes-por-el-coche-electrico\/","og_locale":"es_ES","og_type":"article","og_title":"\u00bfHa potenciado el COVID-19 el inter\u00e9s por el coche el\u00e9ctrico?","og_description":"Estos d\u00edas de confinamiento han cambiado cada uno de los sectores de nuestra sociedad, apuntando a una reinvenci\u00f3n y cambio de perspectivas que tambi\u00e9n ha llegado al mundo de la automoci\u00f3n.","og_url":"https:\/\/helloauto.com\/blog\/coches-electricos\/ha-potenciado-el-covid-19-el-interes-por-el-coche-electrico\/","og_site_name":"Hello Auto Blog","article_publisher":"https:\/\/www.facebook.com\/HelloAutoES\/","article_published_time":"2020-04-20T09:06:58+00:00","article_modified_time":"2024-08-14T09:30:25+00:00","og_image":[{"url":"https:\/\/helloauto.com\/blog\/wp-content\/uploads\/2024\/07\/coche-electrico.jpg","type":"","width":"","height":""}],"author":"Adri\u00e1n M\u00e1rquez","twitter_card":"summary_large_image","twitter_misc":{"Escrito por":"Adri\u00e1n M\u00e1rquez","Tiempo de lectura":"3 minutos"},"schema":{"@context":"https:\/\/schema.org","@graph":[{"@type":"Article","@id":"https:\/\/helloauto.com\/blog\/coches-electricos\/ha-potenciado-el-covid-19-el-interes-por-el-coche-electrico\/#article","isPartOf":{"@id":"https:\/\/helloauto.com\/blog\/coches-electricos\/ha-potenciado-el-covid-19-el-interes-por-el-coche-electrico\/"},"author":{"name":"Adri\u00e1n M\u00e1rquez","@id":"https:\/\/helloauto.com\/blog\/#\/schema\/person\/b9c79829d795e6ac5bb5bcb74513f237"},"headline":"\u00bfHa potenciado el COVID-19 el inter\u00e9s por el coche el\u00e9ctrico?","datePublished":"2020-04-20T09:06:58+00:00","dateModified":"2024-08-14T09:30:25+00:00","mainEntityOfPage":{"@id":"https:\/\/helloauto.com\/blog\/coches-electricos\/ha-potenciado-el-covid-19-el-interes-por-el-coche-electrico\/"},"wordCount":563,"publisher":{"@id":"https:\/\/helloauto.com\/blog\/#organization"},"image":{"@id":"https:\/\/helloauto.com\/blog\/coches-electricos\/ha-potenciado-el-covid-19-el-interes-por-el-coche-electrico\/#primaryimage"},"thumbnailUrl":"https:\/\/helloauto.com\/blog\/wp-content\/uploads\/2024\/07\/coche-electrico.jpg","keywords":["Coches electricos"],"articleSection":["Coches electricos"],"inLanguage":"es"},{"@type":"WebPage","@id":"https:\/\/helloauto.com\/blog\/coches-electricos\/ha-potenciado-el-covid-19-el-interes-por-el-coche-electrico\/","url":"https:\/\/helloauto.com\/blog\/coches-electricos\/ha-potenciado-el-covid-19-el-interes-por-el-coche-electrico\/","name":"\u00bfHa potenciado el COVID-19 el inter\u00e9s por el coche el\u00e9ctrico?","isPartOf":{"@id":"https:\/\/helloauto.com\/blog\/#website"},"primaryImageOfPage":{"@id":"https:\/\/helloauto.com\/blog\/coches-electricos\/ha-potenciado-el-covid-19-el-interes-por-el-coche-electrico\/#primaryimage"},"image":{"@id":"https:\/\/helloauto.com\/blog\/coches-electricos\/ha-potenciado-el-covid-19-el-interes-por-el-coche-electrico\/#primaryimage"},"thumbnailUrl":"https:\/\/helloauto.com\/blog\/wp-content\/uploads\/2024\/07\/coche-electrico.jpg","datePublished":"2020-04-20T09:06:58+00:00","dateModified":"2024-08-14T09:30:25+00:00","description":"Estos d\u00edas de confinamiento han cambiado cada uno de los sectores de nuestra sociedad, apuntando a una reinvenci\u00f3n y cambio de perspectivas que tambi\u00e9n ha llegado al mundo de la automoci\u00f3n.","breadcrumb":{"@id":"https:\/\/helloauto.com\/blog\/coches-electricos\/ha-potenciado-el-covid-19-el-interes-por-el-coche-electrico\/#breadcrumb"},"inLanguage":"es","potentialAction":[{"@type":"ReadAction","target":["https:\/\/helloauto.com\/blog\/coches-electricos\/ha-potenciado-el-covid-19-el-interes-por-el-coche-electrico\/"]}]},{"@type":"ImageObject","inLanguage":"es","@id":"https:\/\/helloauto.com\/blog\/coches-electricos\/ha-potenciado-el-covid-19-el-interes-por-el-coche-electrico\/#primaryimage","url":"https:\/\/helloauto.com\/blog\/wp-content\/uploads\/2024\/07\/coche-electrico.jpg","contentUrl":"https:\/\/helloauto.com\/blog\/wp-content\/uploads\/2024\/07\/coche-electrico.jpg","width":960,"height":421},{"@type":"BreadcrumbList","@id":"https:\/\/helloauto.com\/blog\/coches-electricos\/ha-potenciado-el-covid-19-el-interes-por-el-coche-electrico\/#breadcrumb","itemListElement":[{"@type":"ListItem","position":1,"name":"Home","item":"https:\/\/helloauto.com\/blog\/"},{"@type":"ListItem","position":2,"name":"\u00bfHa potenciado el COVID-19 el inter\u00e9s por el coche el\u00e9ctrico?"}]},{"@type":"WebSite","@id":"https:\/\/helloauto.com\/blog\/#website","url":"https:\/\/helloauto.com\/blog\/","name":"Blog de coches","description":"Actualidad y noticias de automoci\u00f3n y seguros de coche","publisher":{"@id":"https:\/\/helloauto.com\/blog\/#organization"},"alternateName":"Blog de coches Hello Auto","potentialAction":[{"@type":"SearchAction","target":{"@type":"EntryPoint","urlTemplate":"https:\/\/helloauto.com\/blog\/?s={search_term_string}"},"query-input":{"@type":"PropertyValueSpecification","valueRequired":true,"valueName":"search_term_string"}}],"inLanguage":"es"},{"@type":"Organization","@id":"https:\/\/helloauto.com\/blog\/#organization","name":"Hello Auto Blog","alternateName":"Blog de coches Hello Auto","url":"https:\/\/helloauto.com\/blog\/","logo":{"@type":"ImageObject","inLanguage":"es","@id":"https:\/\/helloauto.com\/blog\/#\/schema\/logo\/image\/","url":"https:\/\/helloauto.com\/blog\/wp-content\/uploads\/2024\/05\/cropped-cropped-Logo2.png","contentUrl":"https:\/\/helloauto.com\/blog\/wp-content\/uploads\/2024\/05\/cropped-cropped-Logo2.png","width":562,"height":95,"caption":"Hello Auto Blog"},"image":{"@id":"https:\/\/helloauto.com\/blog\/#\/schema\/logo\/image\/"},"sameAs":["https:\/\/www.facebook.com\/HelloAutoES\/","https:\/\/www.instagram.com\/helloautoes\/","https:\/\/www.linkedin.com\/company\/hello-auto-insurance\/","https:\/\/www.youtube.com\/@helloautoespana7032"]},{"@type":"Person","@id":"https:\/\/helloauto.com\/blog\/#\/schema\/person\/b9c79829d795e6ac5bb5bcb74513f237","name":"Adri\u00e1n M\u00e1rquez","url":"https:\/\/helloauto.com\/blog\/author\/adrianmarquez\/"}]}},"_links":{"self":[{"href":"https:\/\/helloauto.com\/blog\/wp-json\/wp\/v2\/posts\/1045","targetHints":{"allow":["GET"]}}],"collection":[{"href":"https:\/\/helloauto.com\/blog\/wp-json\/wp\/v2\/posts"}],"about":[{"href":"https:\/\/helloauto.com\/blog\/wp-json\/wp\/v2\/types\/post"}],"author":[{"embeddable":true,"href":"https:\/\/helloauto.com\/blog\/wp-json\/wp\/v2\/users\/7"}],"replies":[{"embeddable":true,"href":"https:\/\/helloauto.com\/blog\/wp-json\/wp\/v2\/comments?post=1045"}],"version-history":[{"count":2,"href":"https:\/\/helloauto.com\/blog\/wp-json\/wp\/v2\/posts\/1045\/revisions"}],"predecessor-version":[{"id":1528,"href":"https:\/\/helloauto.com\/blog\/wp-json\/wp\/v2\/posts\/1045\/revisions\/1528"}],"wp:attachment":[{"href":"https:\/\/helloauto.com\/blog\/wp-json\/wp\/v2\/media?parent=1045"}],"wp:term":[{"taxonomy":"category","embeddable":true,"href":"https:\/\/helloauto.com\/blog\/wp-json\/wp\/v2\/categories?post=1045"},{"taxonomy":"post_tag","embeddable":true,"href":"https:\/\/helloauto.com\/blog\/wp-json\/wp\/v2\/tags?post=1045"}],"curies":[{"name":"wp","href":"https:\/\/api.w.org\/{rel}","templated":true}]}}