{"id":1007,"date":"2020-07-14T10:58:14","date_gmt":"2020-07-14T10:58:14","guid":{"rendered":"https:\/\/blog-aws.helloauto.com\/?p=1007"},"modified":"2024-08-14T11:29:36","modified_gmt":"2024-08-14T09:29:36","slug":"nueva-prorroga-para-las-itv-que-vencen-en-verano","status":"publish","type":"post","link":"https:\/\/helloauto.com\/blog\/novedades\/nueva-prorroga-para-las-itv-que-vencen-en-verano\/","title":{"rendered":"Nueva pr\u00f3rroga para las ITV que vencen en verano"},"content":{"rendered":"<div class=\"wp-block-image\">\n<figure class=\"aligncenter size-full\"><img decoding=\"async\" width=\"960\" height=\"421\" src=\"https:\/\/helloauto.com\/blog\/wp-content\/uploads\/2024\/07\/itv.jpg\" alt=\"\" class=\"wp-image-684\" srcset=\"https:\/\/helloauto.com\/blog\/wp-content\/uploads\/2024\/07\/itv.jpg 960w, https:\/\/helloauto.com\/blog\/wp-content\/uploads\/2024\/07\/itv-300x132.jpg 300w, https:\/\/helloauto.com\/blog\/wp-content\/uploads\/2024\/07\/itv-768x337.jpg 768w\" sizes=\"(max-width: 960px) 100vw, 960px\" \/><\/figure>\n<\/div>\n\n\n<p><\/p>\n\n\n<p>En lo que respecta a la automoci\u00f3n, el incumplimiento de las obligaciones con la ITV a causa del estado de alarma por la actual pandemia es uno de los principales quebraderos de cabeza de los conductores. Sin embargo, el gobierno ha permitido ampliar el margen si tu ITV caducaba este verano.<\/p>\n<p><!--more--><\/p>\n<p style=\"font-size: 18px;\"><strong>EN ESTE ART\u00cdCULO ENCONTRAR\u00c1S<\/strong><\/p>\n<ol>\n<li style=\"font-size: 18px;\"><a href=\"#la-problematica-ITV\" rel=\" noopener\" style=\"font-weight: normal;\">La problem\u00e1tica de ITVs vencidas durante el estado de alarma<\/a><\/li>\n<li style=\"font-size: 18px;\"><a href=\"#nueva-prorroga\" rel=\" noopener\" style=\"font-weight: normal;\">\u00bfEn qu\u00e9 consiste la nueva pr\u00f3rroga de la ITV de este verano?<\/a><\/li>\n<\/ol>\n<h2 id=\"la-problematica-ITV\" class=\"ancla\"><strong>La problem\u00e1tica de ITVs vencidas durante el estado de alarma<\/strong><\/h2>\n<p style=\"text-align: justify;\"><span>Hace unos meses, pocos pod\u00edamos adivinar el impacto que la pandemia que el mundo sufre actualmente a causa del COVID-19. Un per\u00edodo durante el que gran parte de la poblaci\u00f3n permaneci\u00f3 en sus casas y el planeta se detuvo, con el consiguiente retraso de diferentes obligaciones.&nbsp;<\/span><\/p>\n<p style=\"text-align: justify;\"><span>Una de ellas, el miedo a una sanci\u00f3n por ITV caducada durante el estado de alarma, se vio solventada por el gobierno, el cual aclar\u00f3 que no se denunciar\u00eda a los titulares de los veh\u00edculos cuya Inspecci\u00f3n T\u00e9cnica venciese durante tal per\u00edodo. De esta forma, se ofrec\u00eda a los conductores posponer la fecha de su revisi\u00f3n m\u00e1s all\u00e1 de la fecha de desescalada, si bien aquellos cuya ITV caduque este verano cuentan con una nueva pr\u00f3rroga a aplicar. <\/span><\/p>\n<h2 id=\"nueva-prorroga\" class=\"ancla\"><strong>\u00bfEn qu\u00e9 consiste la nueva pr\u00f3rroga de la ITV de este verano?<\/strong><\/h2>\n<p>&nbsp;<\/p>\n<p style=\"text-align: justify;\"><span>Ante la posibilidad de aplazamiento de la ITV a causa de la pandemia, las semanas posteriores a la desescalada han supuesto una sobrecarga de trabajo (m\u00e1s de 5 millones de operaciones) para los talleres de la DGT, los cuales han aumentado sus plantillas entre el 10% y el 35% y hasta un 15% sus horarios para compensar el exceso de revisiones. Por ese motivo, el gobierno ha permitido ampliar el margen de revisi\u00f3n.&nbsp;<\/span><\/p>\n<p style=\"text-align: justify;\"><span>El nuevo plazo es aplicable a aquellas ITVs que tuvieran lugar <\/span><strong><span>entre el 21 de junio y el 31 de agosto<\/span><\/strong><span>, que ven <\/span><strong><span>ampliada su caducidad<\/span><\/strong><span> en <\/span><strong><span>tres meses <\/span><\/strong><span>a partir de la fecha de vencimiento, tal y como confirmaba el Ministro <\/span><span style=\"background-color: #ffffff;\">ministro de Transportes, Movilidad y Agenda Urbana, Jos\u00e9 Luis \u00c1balos.<\/span><\/p>\n<p style=\"text-align: justify;\"><strong><span>Por otra parte<\/span><\/strong><span>, recordemos que las ITVs que caducaban durante el confinamiento fueron pospuestas para m\u00e1s adelante. Se da la circunstancia de que algunas de estas nuevas fechas coinciden con el periodo anteriormente citado (21 de junio a 31 de agosto); en tales casos, se suman tres meses igualmente.<\/span><\/p>\n<p>&nbsp;<\/p>\n<p style=\"text-align: justify;\"><span>As\u00ed queda la tabla para las ITV que caducaron durante el confinamiento:&nbsp;<\/span><\/p>\n<p>&nbsp;<\/p>\n<ul>\n<li style=\"background-color: transparent; text-decoration: none;\"><strong><span>Del 14 al 20 marzo : <\/span><\/strong><span>hasta el 22\/07\/2020<\/span><\/li>\n<li style=\"background-color: transparent; text-decoration: none;\"><strong><span>Del 21 al 27 marzo:<\/span><\/strong><span> hasta el 6\/08\/2020<\/span><\/li>\n<li style=\"background-color: transparent; text-decoration: none;\"><strong><span>Del 28 marzo al 3 abril:<\/span><\/strong><span> hasta el 21\/08\/2020<\/span><\/li>\n<li style=\"background-color: transparent; text-decoration: none;\"><strong><span>Del 4 al 10 abril:<\/span><\/strong><span> hasta el 5\/09\/2020<\/span><\/li>\n<li style=\"background-color: transparent; text-decoration: none;\"><strong><span>Del 11 al 17 abril: <\/span><\/strong><span>hasta el 20\/09\/2020<\/span><\/li>\n<li style=\"background-color: transparent; text-decoration: none;\"><strong><span>Del 18 al 24 abril: <\/span><\/strong><span>hasta el 5\/10\/2020<\/span><\/li>\n<li style=\"background-color: transparent; text-decoration: none;\"><strong><span>Del 25 abril al 1 mayo: <\/span><\/strong><span>hasta el 20\/10\/2020<\/span><\/li>\n<li style=\"background-color: transparent; text-decoration: none;\"><strong><span>Del 2 al 8 mayo: <\/span><\/strong><span>hasta el 4\/11\/2020<\/span><\/li>\n<li style=\"background-color: transparent; text-decoration: none;\"><strong><span>Del 9 al 15 mayo: <\/span><\/strong><span>hasta el 19\/11\/2020<\/span><\/li>\n<li style=\"background-color: transparent; text-decoration: none;\"><strong><span>Del 16 al 22 de mayo: <\/span><\/strong><span>hasta el 4\/12\/2020<\/span><\/li>\n<li style=\"background-color: transparent; text-decoration: none;\"><strong><span>Del 23 al 29 de mayo: <\/span><\/strong><span>hasta el 19\/12\/2020<\/span><\/li>\n<li style=\"background-color: transparent; text-decoration: none;\"><strong><span>Del 30 de mayo al 5 de junio: <\/span><\/strong><span>hasta el 3\/01\/2021<\/span><\/li>\n<li style=\"background-color: transparent; text-decoration: none;\"><strong><span>Entre el 6 y el 7 de junio:<\/span><\/strong><span> hasta el 18\/01\/2021<\/span><\/li>\n<\/ul>\n<p><\/p>\n<p style=\"text-align: justify;\"><span>En cualquier caso, tal y como ha mencionado el Ministro de Transportes, Movilidad y Agenda Urbana, Jose Luis \u00c1balos, se dar\u00e1 prioridad a los transportistas profesionales desde el primer momento. Por lo tanto, desde Hello Auto recomendamos que no esperes al \u00faltimo momento, ya que podr\u00edas quedarte sin cita.&nbsp;<\/span><\/p>\n<p><span>Tambi\u00e9n, que aproveches esta nueva fase de revisiones para plantearte la necesidad de contar con el mejor asistente para tu coche. Desde funci\u00f3n de Gesti\u00f3n de mantenimiento hasta un exhaustivo an\u00e1lisis de tu historial al volante a fin de mejorar tu conducci\u00f3n (y pagar menos en tu seguro), <\/span><a href=\"https:\/\/helloauto.com\/connect\" style=\"font-weight: bold;\" rel=\" noopener\">Hello Auto Connect<\/a><span> es el asistente gratuito que puedes disfrutar con la contrataci\u00f3n de uno de los tres seguros de Hello Auto. <\/span><\/p>\n<p>&nbsp;<\/p>\n<p>&nbsp;<\/p>\n<p><img decoding=\"async\" src=\"https:\/\/helloauto.com\/blog\/wp-content\/uploads\/2024\/07\/hello-auto-connect-dispositivo.jpg\" alt=\"hello-auto-connect-dispositivo\" width=\"481\" style=\"width: 481px; display: block; margin-left: auto; margin-right: auto;\"><\/p>\n<p style=\"text-align: center;\"><a class=\"helloauto-btn-dark\" href=\"https:\/\/calculatuseguro.helloauto.com\/es-ES\/?hsCtaTracking=f45cad0a-aaf0-46d0-9571-9cf5e9782556%7C6c8b3b17-acf2-4a17-af4d-49a092d30291\">\u00a1Lo Quiero!<\/a><\/p>\n<p>&nbsp;<\/p>","protected":false},"excerpt":{"rendered":"<p>En lo que respecta a la automoci\u00f3n, el incumplimiento de las obligaciones con la ITV a causa del estado de alarma por la actual pandemia es uno de los principales quebraderos de cabeza de los conductores. Sin embargo, el gobierno ha permitido ampliar el margen si tu ITV caducaba este verano.<\/p>\n","protected":false},"author":6,"featured_media":0,"comment_status":"closed","ping_status":"closed","sticky":false,"template":"","format":"standard","meta":{"footnotes":""},"categories":[17],"tags":[26],"class_list":["post-1007","post","type-post","status-publish","format-standard","hentry","category-novedades","tag-novedades","generate-columns","tablet-grid-50","mobile-grid-100","grid-parent","grid-33"],"yoast_head":"<!-- This site is optimized with the Yoast SEO plugin v25.3 - https:\/\/yoast.com\/wordpress\/plugins\/seo\/ -->\n<title>Nueva pr\u00f3rroga para las ITV que vencen en verano<\/title>\n<meta name=\"description\" content=\"En lo que respecta a la automoci\u00f3n, el incumplimiento de las obligaciones con la ITV a causa del estado de alarma por la actual pandemia es uno de los principales quebraderos de cabeza de los conductores.\" \/>\n<meta name=\"robots\" content=\"index, follow, max-snippet:-1, max-image-preview:large, max-video-preview:-1\" \/>\n<link rel=\"canonical\" href=\"https:\/\/helloauto.com\/blog\/novedades\/nueva-prorroga-para-las-itv-que-vencen-en-verano\/\" \/>\n<meta property=\"og:locale\" content=\"es_ES\" \/>\n<meta property=\"og:type\" content=\"article\" \/>\n<meta property=\"og:title\" content=\"Nueva pr\u00f3rroga para las ITV que vencen en verano\" \/>\n<meta property=\"og:description\" content=\"En lo que respecta a la automoci\u00f3n, el incumplimiento de las obligaciones con la ITV a causa del estado de alarma por la actual pandemia es uno de los principales quebraderos de cabeza de los conductores.\" \/>\n<meta property=\"og:url\" content=\"https:\/\/helloauto.com\/blog\/novedades\/nueva-prorroga-para-las-itv-que-vencen-en-verano\/\" \/>\n<meta property=\"og:site_name\" content=\"Hello Auto Blog\" \/>\n<meta property=\"article:publisher\" content=\"https:\/\/www.facebook.com\/HelloAutoES\/\" \/>\n<meta property=\"article:published_time\" content=\"2020-07-14T10:58:14+00:00\" \/>\n<meta property=\"article:modified_time\" content=\"2024-08-14T09:29:36+00:00\" \/>\n<meta property=\"og:image\" content=\"https:\/\/helloauto.com\/blog\/wp-content\/uploads\/2024\/07\/itv.jpg\" \/>\n<meta name=\"author\" content=\"Dani Morilla\" \/>\n<meta name=\"twitter:card\" content=\"summary_large_image\" \/>\n<meta name=\"twitter:label1\" content=\"Escrito por\" \/>\n\t<meta name=\"twitter:data1\" content=\"Dani Morilla\" \/>\n\t<meta name=\"twitter:label2\" content=\"Tiempo de lectura\" \/>\n\t<meta name=\"twitter:data2\" content=\"3 minutos\" \/>\n<script type=\"application\/ld+json\" class=\"yoast-schema-graph\">{\"@context\":\"https:\/\/schema.org\",\"@graph\":[{\"@type\":\"Article\",\"@id\":\"https:\/\/helloauto.com\/blog\/novedades\/nueva-prorroga-para-las-itv-que-vencen-en-verano\/#article\",\"isPartOf\":{\"@id\":\"https:\/\/helloauto.com\/blog\/novedades\/nueva-prorroga-para-las-itv-que-vencen-en-verano\/\"},\"author\":{\"name\":\"Dani Morilla\",\"@id\":\"https:\/\/helloauto.com\/blog\/#\/schema\/person\/6bc20cc4adf6bc7bf0188db90c07d298\"},\"headline\":\"Nueva pr\u00f3rroga para las ITV que vencen en verano\",\"datePublished\":\"2020-07-14T10:58:14+00:00\",\"dateModified\":\"2024-08-14T09:29:36+00:00\",\"mainEntityOfPage\":{\"@id\":\"https:\/\/helloauto.com\/blog\/novedades\/nueva-prorroga-para-las-itv-que-vencen-en-verano\/\"},\"wordCount\":647,\"publisher\":{\"@id\":\"https:\/\/helloauto.com\/blog\/#organization\"},\"image\":{\"@id\":\"https:\/\/helloauto.com\/blog\/novedades\/nueva-prorroga-para-las-itv-que-vencen-en-verano\/#primaryimage\"},\"thumbnailUrl\":\"https:\/\/helloauto.com\/blog\/wp-content\/uploads\/2024\/07\/itv.jpg\",\"keywords\":[\"Novedades\"],\"articleSection\":[\"Novedades\"],\"inLanguage\":\"es\"},{\"@type\":\"WebPage\",\"@id\":\"https:\/\/helloauto.com\/blog\/novedades\/nueva-prorroga-para-las-itv-que-vencen-en-verano\/\",\"url\":\"https:\/\/helloauto.com\/blog\/novedades\/nueva-prorroga-para-las-itv-que-vencen-en-verano\/\",\"name\":\"Nueva pr\u00f3rroga para las ITV que vencen en verano\",\"isPartOf\":{\"@id\":\"https:\/\/helloauto.com\/blog\/#website\"},\"primaryImageOfPage\":{\"@id\":\"https:\/\/helloauto.com\/blog\/novedades\/nueva-prorroga-para-las-itv-que-vencen-en-verano\/#primaryimage\"},\"image\":{\"@id\":\"https:\/\/helloauto.com\/blog\/novedades\/nueva-prorroga-para-las-itv-que-vencen-en-verano\/#primaryimage\"},\"thumbnailUrl\":\"https:\/\/helloauto.com\/blog\/wp-content\/uploads\/2024\/07\/itv.jpg\",\"datePublished\":\"2020-07-14T10:58:14+00:00\",\"dateModified\":\"2024-08-14T09:29:36+00:00\",\"description\":\"En lo que respecta a la automoci\u00f3n, el incumplimiento de las obligaciones con la ITV a causa del estado de alarma por la actual pandemia es uno de los principales quebraderos de cabeza de los conductores.\",\"breadcrumb\":{\"@id\":\"https:\/\/helloauto.com\/blog\/novedades\/nueva-prorroga-para-las-itv-que-vencen-en-verano\/#breadcrumb\"},\"inLanguage\":\"es\",\"potentialAction\":[{\"@type\":\"ReadAction\",\"target\":[\"https:\/\/helloauto.com\/blog\/novedades\/nueva-prorroga-para-las-itv-que-vencen-en-verano\/\"]}]},{\"@type\":\"ImageObject\",\"inLanguage\":\"es\",\"@id\":\"https:\/\/helloauto.com\/blog\/novedades\/nueva-prorroga-para-las-itv-que-vencen-en-verano\/#primaryimage\",\"url\":\"https:\/\/helloauto.com\/blog\/wp-content\/uploads\/2024\/07\/itv.jpg\",\"contentUrl\":\"https:\/\/helloauto.com\/blog\/wp-content\/uploads\/2024\/07\/itv.jpg\",\"width\":960,\"height\":421},{\"@type\":\"BreadcrumbList\",\"@id\":\"https:\/\/helloauto.com\/blog\/novedades\/nueva-prorroga-para-las-itv-que-vencen-en-verano\/#breadcrumb\",\"itemListElement\":[{\"@type\":\"ListItem\",\"position\":1,\"name\":\"Home\",\"item\":\"https:\/\/helloauto.com\/blog\/\"},{\"@type\":\"ListItem\",\"position\":2,\"name\":\"Nueva pr\u00f3rroga para las ITV que vencen en verano\"}]},{\"@type\":\"WebSite\",\"@id\":\"https:\/\/helloauto.com\/blog\/#website\",\"url\":\"https:\/\/helloauto.com\/blog\/\",\"name\":\"Blog de coches\",\"description\":\"Actualidad y noticias de automoci\u00f3n y seguros de coche\",\"publisher\":{\"@id\":\"https:\/\/helloauto.com\/blog\/#organization\"},\"alternateName\":\"Blog de coches Hello Auto\",\"potentialAction\":[{\"@type\":\"SearchAction\",\"target\":{\"@type\":\"EntryPoint\",\"urlTemplate\":\"https:\/\/helloauto.com\/blog\/?s={search_term_string}\"},\"query-input\":{\"@type\":\"PropertyValueSpecification\",\"valueRequired\":true,\"valueName\":\"search_term_string\"}}],\"inLanguage\":\"es\"},{\"@type\":\"Organization\",\"@id\":\"https:\/\/helloauto.com\/blog\/#organization\",\"name\":\"Hello Auto Blog\",\"alternateName\":\"Blog de coches Hello Auto\",\"url\":\"https:\/\/helloauto.com\/blog\/\",\"logo\":{\"@type\":\"ImageObject\",\"inLanguage\":\"es\",\"@id\":\"https:\/\/helloauto.com\/blog\/#\/schema\/logo\/image\/\",\"url\":\"https:\/\/helloauto.com\/blog\/wp-content\/uploads\/2024\/05\/cropped-cropped-Logo2.png\",\"contentUrl\":\"https:\/\/helloauto.com\/blog\/wp-content\/uploads\/2024\/05\/cropped-cropped-Logo2.png\",\"width\":562,\"height\":95,\"caption\":\"Hello Auto Blog\"},\"image\":{\"@id\":\"https:\/\/helloauto.com\/blog\/#\/schema\/logo\/image\/\"},\"sameAs\":[\"https:\/\/www.facebook.com\/HelloAutoES\/\",\"https:\/\/www.instagram.com\/helloautoes\/\",\"https:\/\/www.linkedin.com\/company\/hello-auto-insurance\/\",\"https:\/\/www.youtube.com\/@helloautoespana7032\"]},{\"@type\":\"Person\",\"@id\":\"https:\/\/helloauto.com\/blog\/#\/schema\/person\/6bc20cc4adf6bc7bf0188db90c07d298\",\"name\":\"Dani Morilla\",\"url\":\"https:\/\/helloauto.com\/blog\/author\/danimorilla\/\"}]}<\/script>\n<!-- \/ Yoast SEO plugin. -->","yoast_head_json":{"title":"Nueva pr\u00f3rroga para las ITV que vencen en verano","description":"En lo que respecta a la automoci\u00f3n, el incumplimiento de las obligaciones con la ITV a causa del estado de alarma por la actual pandemia es uno de los principales quebraderos de cabeza de los conductores.","robots":{"index":"index","follow":"follow","max-snippet":"max-snippet:-1","max-image-preview":"max-image-preview:large","max-video-preview":"max-video-preview:-1"},"canonical":"https:\/\/helloauto.com\/blog\/novedades\/nueva-prorroga-para-las-itv-que-vencen-en-verano\/","og_locale":"es_ES","og_type":"article","og_title":"Nueva pr\u00f3rroga para las ITV que vencen en verano","og_description":"En lo que respecta a la automoci\u00f3n, el incumplimiento de las obligaciones con la ITV a causa del estado de alarma por la actual pandemia es uno de los principales quebraderos de cabeza de los conductores.","og_url":"https:\/\/helloauto.com\/blog\/novedades\/nueva-prorroga-para-las-itv-que-vencen-en-verano\/","og_site_name":"Hello Auto Blog","article_publisher":"https:\/\/www.facebook.com\/HelloAutoES\/","article_published_time":"2020-07-14T10:58:14+00:00","article_modified_time":"2024-08-14T09:29:36+00:00","og_image":[{"url":"https:\/\/helloauto.com\/blog\/wp-content\/uploads\/2024\/07\/itv.jpg","type":"","width":"","height":""}],"author":"Dani Morilla","twitter_card":"summary_large_image","twitter_misc":{"Escrito por":"Dani Morilla","Tiempo de lectura":"3 minutos"},"schema":{"@context":"https:\/\/schema.org","@graph":[{"@type":"Article","@id":"https:\/\/helloauto.com\/blog\/novedades\/nueva-prorroga-para-las-itv-que-vencen-en-verano\/#article","isPartOf":{"@id":"https:\/\/helloauto.com\/blog\/novedades\/nueva-prorroga-para-las-itv-que-vencen-en-verano\/"},"author":{"name":"Dani Morilla","@id":"https:\/\/helloauto.com\/blog\/#\/schema\/person\/6bc20cc4adf6bc7bf0188db90c07d298"},"headline":"Nueva pr\u00f3rroga para las ITV que vencen en verano","datePublished":"2020-07-14T10:58:14+00:00","dateModified":"2024-08-14T09:29:36+00:00","mainEntityOfPage":{"@id":"https:\/\/helloauto.com\/blog\/novedades\/nueva-prorroga-para-las-itv-que-vencen-en-verano\/"},"wordCount":647,"publisher":{"@id":"https:\/\/helloauto.com\/blog\/#organization"},"image":{"@id":"https:\/\/helloauto.com\/blog\/novedades\/nueva-prorroga-para-las-itv-que-vencen-en-verano\/#primaryimage"},"thumbnailUrl":"https:\/\/helloauto.com\/blog\/wp-content\/uploads\/2024\/07\/itv.jpg","keywords":["Novedades"],"articleSection":["Novedades"],"inLanguage":"es"},{"@type":"WebPage","@id":"https:\/\/helloauto.com\/blog\/novedades\/nueva-prorroga-para-las-itv-que-vencen-en-verano\/","url":"https:\/\/helloauto.com\/blog\/novedades\/nueva-prorroga-para-las-itv-que-vencen-en-verano\/","name":"Nueva pr\u00f3rroga para las ITV que vencen en verano","isPartOf":{"@id":"https:\/\/helloauto.com\/blog\/#website"},"primaryImageOfPage":{"@id":"https:\/\/helloauto.com\/blog\/novedades\/nueva-prorroga-para-las-itv-que-vencen-en-verano\/#primaryimage"},"image":{"@id":"https:\/\/helloauto.com\/blog\/novedades\/nueva-prorroga-para-las-itv-que-vencen-en-verano\/#primaryimage"},"thumbnailUrl":"https:\/\/helloauto.com\/blog\/wp-content\/uploads\/2024\/07\/itv.jpg","datePublished":"2020-07-14T10:58:14+00:00","dateModified":"2024-08-14T09:29:36+00:00","description":"En lo que respecta a la automoci\u00f3n, el incumplimiento de las obligaciones con la ITV a causa del estado de alarma por la actual pandemia es uno de los principales quebraderos de cabeza de los conductores.","breadcrumb":{"@id":"https:\/\/helloauto.com\/blog\/novedades\/nueva-prorroga-para-las-itv-que-vencen-en-verano\/#breadcrumb"},"inLanguage":"es","potentialAction":[{"@type":"ReadAction","target":["https:\/\/helloauto.com\/blog\/novedades\/nueva-prorroga-para-las-itv-que-vencen-en-verano\/"]}]},{"@type":"ImageObject","inLanguage":"es","@id":"https:\/\/helloauto.com\/blog\/novedades\/nueva-prorroga-para-las-itv-que-vencen-en-verano\/#primaryimage","url":"https:\/\/helloauto.com\/blog\/wp-content\/uploads\/2024\/07\/itv.jpg","contentUrl":"https:\/\/helloauto.com\/blog\/wp-content\/uploads\/2024\/07\/itv.jpg","width":960,"height":421},{"@type":"BreadcrumbList","@id":"https:\/\/helloauto.com\/blog\/novedades\/nueva-prorroga-para-las-itv-que-vencen-en-verano\/#breadcrumb","itemListElement":[{"@type":"ListItem","position":1,"name":"Home","item":"https:\/\/helloauto.com\/blog\/"},{"@type":"ListItem","position":2,"name":"Nueva pr\u00f3rroga para las ITV que vencen en verano"}]},{"@type":"WebSite","@id":"https:\/\/helloauto.com\/blog\/#website","url":"https:\/\/helloauto.com\/blog\/","name":"Blog de coches","description":"Actualidad y noticias de automoci\u00f3n y seguros de coche","publisher":{"@id":"https:\/\/helloauto.com\/blog\/#organization"},"alternateName":"Blog de coches Hello Auto","potentialAction":[{"@type":"SearchAction","target":{"@type":"EntryPoint","urlTemplate":"https:\/\/helloauto.com\/blog\/?s={search_term_string}"},"query-input":{"@type":"PropertyValueSpecification","valueRequired":true,"valueName":"search_term_string"}}],"inLanguage":"es"},{"@type":"Organization","@id":"https:\/\/helloauto.com\/blog\/#organization","name":"Hello Auto Blog","alternateName":"Blog de coches Hello Auto","url":"https:\/\/helloauto.com\/blog\/","logo":{"@type":"ImageObject","inLanguage":"es","@id":"https:\/\/helloauto.com\/blog\/#\/schema\/logo\/image\/","url":"https:\/\/helloauto.com\/blog\/wp-content\/uploads\/2024\/05\/cropped-cropped-Logo2.png","contentUrl":"https:\/\/helloauto.com\/blog\/wp-content\/uploads\/2024\/05\/cropped-cropped-Logo2.png","width":562,"height":95,"caption":"Hello Auto Blog"},"image":{"@id":"https:\/\/helloauto.com\/blog\/#\/schema\/logo\/image\/"},"sameAs":["https:\/\/www.facebook.com\/HelloAutoES\/","https:\/\/www.instagram.com\/helloautoes\/","https:\/\/www.linkedin.com\/company\/hello-auto-insurance\/","https:\/\/www.youtube.com\/@helloautoespana7032"]},{"@type":"Person","@id":"https:\/\/helloauto.com\/blog\/#\/schema\/person\/6bc20cc4adf6bc7bf0188db90c07d298","name":"Dani Morilla","url":"https:\/\/helloauto.com\/blog\/author\/danimorilla\/"}]}},"_links":{"self":[{"href":"https:\/\/helloauto.com\/blog\/wp-json\/wp\/v2\/posts\/1007","targetHints":{"allow":["GET"]}}],"collection":[{"href":"https:\/\/helloauto.com\/blog\/wp-json\/wp\/v2\/posts"}],"about":[{"href":"https:\/\/helloauto.com\/blog\/wp-json\/wp\/v2\/types\/post"}],"author":[{"embeddable":true,"href":"https:\/\/helloauto.com\/blog\/wp-json\/wp\/v2\/users\/6"}],"replies":[{"embeddable":true,"href":"https:\/\/helloauto.com\/blog\/wp-json\/wp\/v2\/comments?post=1007"}],"version-history":[{"count":2,"href":"https:\/\/helloauto.com\/blog\/wp-json\/wp\/v2\/posts\/1007\/revisions"}],"predecessor-version":[{"id":1490,"href":"https:\/\/helloauto.com\/blog\/wp-json\/wp\/v2\/posts\/1007\/revisions\/1490"}],"wp:attachment":[{"href":"https:\/\/helloauto.com\/blog\/wp-json\/wp\/v2\/media?parent=1007"}],"wp:term":[{"taxonomy":"category","embeddable":true,"href":"https:\/\/helloauto.com\/blog\/wp-json\/wp\/v2\/categories?post=1007"},{"taxonomy":"post_tag","embeddable":true,"href":"https:\/\/helloauto.com\/blog\/wp-json\/wp\/v2\/tags?post=1007"}],"curies":[{"name":"wp","href":"https:\/\/api.w.org\/{rel}","templated":true}]}}