{"id":1003,"date":"2020-07-24T08:28:44","date_gmt":"2020-07-24T08:28:44","guid":{"rendered":"https:\/\/blog-aws.helloauto.com\/?p=1003"},"modified":"2024-08-14T11:29:35","modified_gmt":"2024-08-14T09:29:35","slug":"en-que-situaciones-no-hace-falta-llevar-mascarilla-en-el-coche","status":"publish","type":"post","link":"https:\/\/helloauto.com\/blog\/novedades\/en-que-situaciones-no-hace-falta-llevar-mascarilla-en-el-coche\/","title":{"rendered":"En qu\u00e9 situaciones no hace falta llevar mascarilla en el coche"},"content":{"rendered":"<div class=\"wp-block-image\">\n<figure class=\"aligncenter size-full\"><img decoding=\"async\" width=\"960\" height=\"421\" src=\"https:\/\/helloauto.com\/blog\/wp-content\/uploads\/2024\/07\/no-llevar-mascarilla-en-el-coche.jpg\" alt=\"\" class=\"wp-image-711\" srcset=\"https:\/\/helloauto.com\/blog\/wp-content\/uploads\/2024\/07\/no-llevar-mascarilla-en-el-coche.jpg 960w, https:\/\/helloauto.com\/blog\/wp-content\/uploads\/2024\/07\/no-llevar-mascarilla-en-el-coche-300x132.jpg 300w, https:\/\/helloauto.com\/blog\/wp-content\/uploads\/2024\/07\/no-llevar-mascarilla-en-el-coche-768x337.jpg 768w\" sizes=\"(max-width: 960px) 100vw, 960px\" \/><\/figure>\n<\/div>\n\n\n<p><\/p>\n\n\n<p>Tras imponerse la obligaci\u00f3n de llevar mascarilla en gran parte de Espa\u00f1a debido a los \u00faltimos rebrotes de COVID-19, muchos conductores se preguntan en qu\u00e9 situaciones no es necesario llevar mascarilla en el coche.<\/p>\n<p><!--more--><\/p>\n<p style=\"font-size: 18px;\"><strong>EN ESTE ART\u00cdCULO ENCONTRAR\u00c1S<\/strong><\/p>\n<ol>\n<li style=\"font-size: 18px;\"><a href=\"#la-importancia-de-llevar-mascarillas\" rel=\" noopener\" style=\"font-weight: normal;\">La importancia de llevar mascarilla en el coche<\/a><\/li>\n<li style=\"font-size: 18px;\"><a href=\"#uso-de-mascarilla\" rel=\" noopener\" style=\"font-weight: normal;\">\u00bfCu\u00e1les son las excepciones sobre el uso de mascarilla en el coche?<\/a><\/li>\n<\/ol>\n<h2 id=\"la-importancia-de-llevar-mascarillas\" class=\"ancla\"><strong>La importancia de llevar mascarilla en el coche<\/strong><\/h2>\n<p style=\"text-align: justify;\">Tras la total desescalada del confinamiento a causa de la COVID-19, muchas personas han aprovechado para desplazarse o viajar por Espa\u00f1a como forma de desconexi\u00f3n o bien para visitar a seres queridos. Sin embargo, durante las \u00faltimas semanas los rebrotes no han hecho m\u00e1s que aumentar a lo largo y ancho de la geograf\u00eda espa\u00f1ola, llevando a las diferentes comunidades aut\u00f3nomas a imponer el uso obligatorio de la mascarilla.<\/p>\n<p style=\"text-align: justify;\">El hecho de protegerse no solo ayuda a prevenir el contagio, sino que tambi\u00e9n permite a muchas personas disfrutar de ese merecido descanso. Y especialmente en un verano en que el coche se ha impuesto por encima de otros medios de transporte a la hora de viajar, surge la pregunta: \u00bf<strong>Debo llevar mascarilla en el coche<\/strong>?&nbsp;<\/p>\n<p style=\"text-align: justify;\">S\u00ed, pero con reservas. Es decir, llevar mascarilla es obligatorio en el coche, pero existen ciertas situaciones en las que podemos permitirnos prescindir de ella.<\/p>\n<h2 id=\"uso-de-mascarilla\" class=\"ancla\"><strong>\u00bfCu\u00e1les son las excepciones sobre el uso de mascarilla en el coche?<\/strong><\/h2>\n<p>&nbsp;<\/p>\n<p style=\"text-align: justify;\">Tal y como recoge el art\u00edculo del Real Decreto, llevar mascarilla es obligatorio en todos los medios de transporte p\u00fablico tales como autob\u00fas, barco, tren o avi\u00f3n, si bien en lo que respecta a los veh\u00edculos de car\u00e1cter personal existen ciertos matices.&nbsp;<\/p>\n<p style=\"text-align: justify;\">En concreto, <strong>todas las personas que viajan en un coche de hasta nueve plazas y no convivan en el mismo domicilio s\u00ed deben llevar mascarilla<\/strong>. Por otra parte, si todas las personas que viajan en el coche s\u00ed residen en el mismo domicilio, cada miembro queda exento de llevarla.&nbsp;<\/p>\n<p style=\"text-align: justify;\">Adem\u00e1s de esta particularidad, tambi\u00e9n se excluye de llevar mascarilla a aquellas personas que presenten problemas respiratorios, o aquellas que muestran una situaci\u00f3n de incapacidad o dependencia de otras personas cuyo uso de la mascarilla suponga problemas en su conducta.&nbsp;<\/p>\n<p style=\"text-align: justify;\">En caso de viajar con personas que no residan en tu mismo domicilio sin mascarilla y seas descubierto por las fuerzas de vigilancia, las multas ascienden hasta los 100 euros.<\/p>\n<p style=\"text-align: justify;\">En un momento en el que nos adentramos en la nueva normalidad, optar por aliados que potencien la seguridad (y ahorro) al conducir tambi\u00e9n supone el mejor acierto.&nbsp;<\/p>\n<p style=\"text-align: justify;\">Este es el caso de <a href=\"https:\/\/helloauto.com\/connect\" style=\"font-weight: bold;\">Hello Auto Connect<\/a>, el asistente de conducci\u00f3n que mejora tu forma de conducir a fin de hacerte pagar menos en tu seguro de coche.<\/p>\n<p>&nbsp;<\/p>\n<p><img decoding=\"async\" src=\"https:\/\/helloauto.com\/blog\/wp-content\/uploads\/2024\/07\/hello-auto-connect-dispositivo.jpg\" alt=\"hello-auto-connect-dispositivo\" width=\"481\" style=\"width: 481px; display: block; margin-left: auto; margin-right: auto;\"><\/p>\n<p style=\"text-align: center;\"><a class=\"helloauto-btn-dark\" href=\"https:\/\/calculatuseguro.helloauto.com\/es-ES\/?hsCtaTracking=f45cad0a-aaf0-46d0-9571-9cf5e9782556%7C6c8b3b17-acf2-4a17-af4d-49a092d30291\">\u00a1Lo Quiero!<\/a><\/p>\n<p>&nbsp;<\/p>","protected":false},"excerpt":{"rendered":"<p>Tras imponerse la obligaci\u00f3n de llevar mascarilla en gran parte de Espa\u00f1a debido a los \u00faltimos rebrotes de COVID-19, muchos conductores se preguntan en qu\u00e9 situaciones no es necesario llevar mascarilla en el coche.<\/p>\n","protected":false},"author":5,"featured_media":0,"comment_status":"closed","ping_status":"closed","sticky":false,"template":"","format":"standard","meta":{"footnotes":""},"categories":[17],"tags":[26],"class_list":["post-1003","post","type-post","status-publish","format-standard","hentry","category-novedades","tag-novedades","generate-columns","tablet-grid-50","mobile-grid-100","grid-parent","grid-33"],"yoast_head":"<!-- This site is optimized with the Yoast SEO plugin v25.3 - https:\/\/yoast.com\/wordpress\/plugins\/seo\/ -->\n<title>En qu\u00e9 situaciones no hace falta llevar mascarilla en el coche<\/title>\n<meta name=\"description\" content=\"Tras imponerse la obligaci\u00f3n de llevar mascarilla en gran parte de Espa\u00f1a debido a los \u00faltimos rebrotes de COVID-19, muchos conductores se preguntan en qu\u00e9 situaciones no es necesario llevar mascarilla en el coche.\" \/>\n<meta name=\"robots\" content=\"index, follow, max-snippet:-1, max-image-preview:large, max-video-preview:-1\" \/>\n<link rel=\"canonical\" href=\"https:\/\/helloauto.com\/blog\/novedades\/en-que-situaciones-no-hace-falta-llevar-mascarilla-en-el-coche\/\" \/>\n<meta property=\"og:locale\" content=\"es_ES\" \/>\n<meta property=\"og:type\" content=\"article\" \/>\n<meta property=\"og:title\" content=\"En qu\u00e9 situaciones no hace falta llevar mascarilla en el coche\" \/>\n<meta property=\"og:description\" content=\"Tras imponerse la obligaci\u00f3n de llevar mascarilla en gran parte de Espa\u00f1a debido a los \u00faltimos rebrotes de COVID-19, muchos conductores se preguntan en qu\u00e9 situaciones no es necesario llevar mascarilla en el coche.\" \/>\n<meta property=\"og:url\" content=\"https:\/\/helloauto.com\/blog\/novedades\/en-que-situaciones-no-hace-falta-llevar-mascarilla-en-el-coche\/\" \/>\n<meta property=\"og:site_name\" content=\"Hello Auto Blog\" \/>\n<meta property=\"article:publisher\" content=\"https:\/\/www.facebook.com\/HelloAutoES\/\" \/>\n<meta property=\"article:published_time\" content=\"2020-07-24T08:28:44+00:00\" \/>\n<meta property=\"article:modified_time\" content=\"2024-08-14T09:29:35+00:00\" \/>\n<meta property=\"og:image\" content=\"https:\/\/helloauto.com\/blog\/wp-content\/uploads\/2024\/07\/no-llevar-mascarilla-en-el-coche.jpg\" \/>\n<meta name=\"author\" content=\"Nico G\u00e1lvez\" \/>\n<meta name=\"twitter:card\" content=\"summary_large_image\" \/>\n<meta name=\"twitter:label1\" content=\"Escrito por\" \/>\n\t<meta name=\"twitter:data1\" content=\"Nico G\u00e1lvez\" \/>\n\t<meta name=\"twitter:label2\" content=\"Tiempo de lectura\" \/>\n\t<meta name=\"twitter:data2\" content=\"2 minutos\" \/>\n<script type=\"application\/ld+json\" class=\"yoast-schema-graph\">{\"@context\":\"https:\/\/schema.org\",\"@graph\":[{\"@type\":\"Article\",\"@id\":\"https:\/\/helloauto.com\/blog\/novedades\/en-que-situaciones-no-hace-falta-llevar-mascarilla-en-el-coche\/#article\",\"isPartOf\":{\"@id\":\"https:\/\/helloauto.com\/blog\/novedades\/en-que-situaciones-no-hace-falta-llevar-mascarilla-en-el-coche\/\"},\"author\":{\"name\":\"Nico G\u00e1lvez\",\"@id\":\"https:\/\/helloauto.com\/blog\/#\/schema\/person\/bcf77b4c32d26608fa75a3e4579aaf0b\"},\"headline\":\"En qu\u00e9 situaciones no hace falta llevar mascarilla en el coche\",\"datePublished\":\"2020-07-24T08:28:44+00:00\",\"dateModified\":\"2024-08-14T09:29:35+00:00\",\"mainEntityOfPage\":{\"@id\":\"https:\/\/helloauto.com\/blog\/novedades\/en-que-situaciones-no-hace-falta-llevar-mascarilla-en-el-coche\/\"},\"wordCount\":490,\"publisher\":{\"@id\":\"https:\/\/helloauto.com\/blog\/#organization\"},\"image\":{\"@id\":\"https:\/\/helloauto.com\/blog\/novedades\/en-que-situaciones-no-hace-falta-llevar-mascarilla-en-el-coche\/#primaryimage\"},\"thumbnailUrl\":\"https:\/\/helloauto.com\/blog\/wp-content\/uploads\/2024\/07\/no-llevar-mascarilla-en-el-coche.jpg\",\"keywords\":[\"Novedades\"],\"articleSection\":[\"Novedades\"],\"inLanguage\":\"es\"},{\"@type\":\"WebPage\",\"@id\":\"https:\/\/helloauto.com\/blog\/novedades\/en-que-situaciones-no-hace-falta-llevar-mascarilla-en-el-coche\/\",\"url\":\"https:\/\/helloauto.com\/blog\/novedades\/en-que-situaciones-no-hace-falta-llevar-mascarilla-en-el-coche\/\",\"name\":\"En qu\u00e9 situaciones no hace falta llevar mascarilla en el coche\",\"isPartOf\":{\"@id\":\"https:\/\/helloauto.com\/blog\/#website\"},\"primaryImageOfPage\":{\"@id\":\"https:\/\/helloauto.com\/blog\/novedades\/en-que-situaciones-no-hace-falta-llevar-mascarilla-en-el-coche\/#primaryimage\"},\"image\":{\"@id\":\"https:\/\/helloauto.com\/blog\/novedades\/en-que-situaciones-no-hace-falta-llevar-mascarilla-en-el-coche\/#primaryimage\"},\"thumbnailUrl\":\"https:\/\/helloauto.com\/blog\/wp-content\/uploads\/2024\/07\/no-llevar-mascarilla-en-el-coche.jpg\",\"datePublished\":\"2020-07-24T08:28:44+00:00\",\"dateModified\":\"2024-08-14T09:29:35+00:00\",\"description\":\"Tras imponerse la obligaci\u00f3n de llevar mascarilla en gran parte de Espa\u00f1a debido a los \u00faltimos rebrotes de COVID-19, muchos conductores se preguntan en qu\u00e9 situaciones no es necesario llevar mascarilla en el coche.\",\"breadcrumb\":{\"@id\":\"https:\/\/helloauto.com\/blog\/novedades\/en-que-situaciones-no-hace-falta-llevar-mascarilla-en-el-coche\/#breadcrumb\"},\"inLanguage\":\"es\",\"potentialAction\":[{\"@type\":\"ReadAction\",\"target\":[\"https:\/\/helloauto.com\/blog\/novedades\/en-que-situaciones-no-hace-falta-llevar-mascarilla-en-el-coche\/\"]}]},{\"@type\":\"ImageObject\",\"inLanguage\":\"es\",\"@id\":\"https:\/\/helloauto.com\/blog\/novedades\/en-que-situaciones-no-hace-falta-llevar-mascarilla-en-el-coche\/#primaryimage\",\"url\":\"https:\/\/helloauto.com\/blog\/wp-content\/uploads\/2024\/07\/no-llevar-mascarilla-en-el-coche.jpg\",\"contentUrl\":\"https:\/\/helloauto.com\/blog\/wp-content\/uploads\/2024\/07\/no-llevar-mascarilla-en-el-coche.jpg\",\"width\":960,\"height\":421},{\"@type\":\"BreadcrumbList\",\"@id\":\"https:\/\/helloauto.com\/blog\/novedades\/en-que-situaciones-no-hace-falta-llevar-mascarilla-en-el-coche\/#breadcrumb\",\"itemListElement\":[{\"@type\":\"ListItem\",\"position\":1,\"name\":\"Home\",\"item\":\"https:\/\/helloauto.com\/blog\/\"},{\"@type\":\"ListItem\",\"position\":2,\"name\":\"En qu\u00e9 situaciones no hace falta llevar mascarilla en el coche\"}]},{\"@type\":\"WebSite\",\"@id\":\"https:\/\/helloauto.com\/blog\/#website\",\"url\":\"https:\/\/helloauto.com\/blog\/\",\"name\":\"Blog de coches\",\"description\":\"Actualidad y noticias de automoci\u00f3n y seguros de coche\",\"publisher\":{\"@id\":\"https:\/\/helloauto.com\/blog\/#organization\"},\"alternateName\":\"Blog de coches Hello Auto\",\"potentialAction\":[{\"@type\":\"SearchAction\",\"target\":{\"@type\":\"EntryPoint\",\"urlTemplate\":\"https:\/\/helloauto.com\/blog\/?s={search_term_string}\"},\"query-input\":{\"@type\":\"PropertyValueSpecification\",\"valueRequired\":true,\"valueName\":\"search_term_string\"}}],\"inLanguage\":\"es\"},{\"@type\":\"Organization\",\"@id\":\"https:\/\/helloauto.com\/blog\/#organization\",\"name\":\"Hello Auto Blog\",\"alternateName\":\"Blog de coches Hello Auto\",\"url\":\"https:\/\/helloauto.com\/blog\/\",\"logo\":{\"@type\":\"ImageObject\",\"inLanguage\":\"es\",\"@id\":\"https:\/\/helloauto.com\/blog\/#\/schema\/logo\/image\/\",\"url\":\"https:\/\/helloauto.com\/blog\/wp-content\/uploads\/2024\/05\/cropped-cropped-Logo2.png\",\"contentUrl\":\"https:\/\/helloauto.com\/blog\/wp-content\/uploads\/2024\/05\/cropped-cropped-Logo2.png\",\"width\":562,\"height\":95,\"caption\":\"Hello Auto Blog\"},\"image\":{\"@id\":\"https:\/\/helloauto.com\/blog\/#\/schema\/logo\/image\/\"},\"sameAs\":[\"https:\/\/www.facebook.com\/HelloAutoES\/\",\"https:\/\/www.instagram.com\/helloautoes\/\",\"https:\/\/www.linkedin.com\/company\/hello-auto-insurance\/\",\"https:\/\/www.youtube.com\/@helloautoespana7032\"]},{\"@type\":\"Person\",\"@id\":\"https:\/\/helloauto.com\/blog\/#\/schema\/person\/bcf77b4c32d26608fa75a3e4579aaf0b\",\"name\":\"Nico G\u00e1lvez\",\"url\":\"https:\/\/helloauto.com\/blog\/author\/nicogalvez\/\"}]}<\/script>\n<!-- \/ Yoast SEO plugin. -->","yoast_head_json":{"title":"En qu\u00e9 situaciones no hace falta llevar mascarilla en el coche","description":"Tras imponerse la obligaci\u00f3n de llevar mascarilla en gran parte de Espa\u00f1a debido a los \u00faltimos rebrotes de COVID-19, muchos conductores se preguntan en qu\u00e9 situaciones no es necesario llevar mascarilla en el coche.","robots":{"index":"index","follow":"follow","max-snippet":"max-snippet:-1","max-image-preview":"max-image-preview:large","max-video-preview":"max-video-preview:-1"},"canonical":"https:\/\/helloauto.com\/blog\/novedades\/en-que-situaciones-no-hace-falta-llevar-mascarilla-en-el-coche\/","og_locale":"es_ES","og_type":"article","og_title":"En qu\u00e9 situaciones no hace falta llevar mascarilla en el coche","og_description":"Tras imponerse la obligaci\u00f3n de llevar mascarilla en gran parte de Espa\u00f1a debido a los \u00faltimos rebrotes de COVID-19, muchos conductores se preguntan en qu\u00e9 situaciones no es necesario llevar mascarilla en el coche.","og_url":"https:\/\/helloauto.com\/blog\/novedades\/en-que-situaciones-no-hace-falta-llevar-mascarilla-en-el-coche\/","og_site_name":"Hello Auto Blog","article_publisher":"https:\/\/www.facebook.com\/HelloAutoES\/","article_published_time":"2020-07-24T08:28:44+00:00","article_modified_time":"2024-08-14T09:29:35+00:00","og_image":[{"url":"https:\/\/helloauto.com\/blog\/wp-content\/uploads\/2024\/07\/no-llevar-mascarilla-en-el-coche.jpg","type":"","width":"","height":""}],"author":"Nico G\u00e1lvez","twitter_card":"summary_large_image","twitter_misc":{"Escrito por":"Nico G\u00e1lvez","Tiempo de lectura":"2 minutos"},"schema":{"@context":"https:\/\/schema.org","@graph":[{"@type":"Article","@id":"https:\/\/helloauto.com\/blog\/novedades\/en-que-situaciones-no-hace-falta-llevar-mascarilla-en-el-coche\/#article","isPartOf":{"@id":"https:\/\/helloauto.com\/blog\/novedades\/en-que-situaciones-no-hace-falta-llevar-mascarilla-en-el-coche\/"},"author":{"name":"Nico G\u00e1lvez","@id":"https:\/\/helloauto.com\/blog\/#\/schema\/person\/bcf77b4c32d26608fa75a3e4579aaf0b"},"headline":"En qu\u00e9 situaciones no hace falta llevar mascarilla en el coche","datePublished":"2020-07-24T08:28:44+00:00","dateModified":"2024-08-14T09:29:35+00:00","mainEntityOfPage":{"@id":"https:\/\/helloauto.com\/blog\/novedades\/en-que-situaciones-no-hace-falta-llevar-mascarilla-en-el-coche\/"},"wordCount":490,"publisher":{"@id":"https:\/\/helloauto.com\/blog\/#organization"},"image":{"@id":"https:\/\/helloauto.com\/blog\/novedades\/en-que-situaciones-no-hace-falta-llevar-mascarilla-en-el-coche\/#primaryimage"},"thumbnailUrl":"https:\/\/helloauto.com\/blog\/wp-content\/uploads\/2024\/07\/no-llevar-mascarilla-en-el-coche.jpg","keywords":["Novedades"],"articleSection":["Novedades"],"inLanguage":"es"},{"@type":"WebPage","@id":"https:\/\/helloauto.com\/blog\/novedades\/en-que-situaciones-no-hace-falta-llevar-mascarilla-en-el-coche\/","url":"https:\/\/helloauto.com\/blog\/novedades\/en-que-situaciones-no-hace-falta-llevar-mascarilla-en-el-coche\/","name":"En qu\u00e9 situaciones no hace falta llevar mascarilla en el coche","isPartOf":{"@id":"https:\/\/helloauto.com\/blog\/#website"},"primaryImageOfPage":{"@id":"https:\/\/helloauto.com\/blog\/novedades\/en-que-situaciones-no-hace-falta-llevar-mascarilla-en-el-coche\/#primaryimage"},"image":{"@id":"https:\/\/helloauto.com\/blog\/novedades\/en-que-situaciones-no-hace-falta-llevar-mascarilla-en-el-coche\/#primaryimage"},"thumbnailUrl":"https:\/\/helloauto.com\/blog\/wp-content\/uploads\/2024\/07\/no-llevar-mascarilla-en-el-coche.jpg","datePublished":"2020-07-24T08:28:44+00:00","dateModified":"2024-08-14T09:29:35+00:00","description":"Tras imponerse la obligaci\u00f3n de llevar mascarilla en gran parte de Espa\u00f1a debido a los \u00faltimos rebrotes de COVID-19, muchos conductores se preguntan en qu\u00e9 situaciones no es necesario llevar mascarilla en el coche.","breadcrumb":{"@id":"https:\/\/helloauto.com\/blog\/novedades\/en-que-situaciones-no-hace-falta-llevar-mascarilla-en-el-coche\/#breadcrumb"},"inLanguage":"es","potentialAction":[{"@type":"ReadAction","target":["https:\/\/helloauto.com\/blog\/novedades\/en-que-situaciones-no-hace-falta-llevar-mascarilla-en-el-coche\/"]}]},{"@type":"ImageObject","inLanguage":"es","@id":"https:\/\/helloauto.com\/blog\/novedades\/en-que-situaciones-no-hace-falta-llevar-mascarilla-en-el-coche\/#primaryimage","url":"https:\/\/helloauto.com\/blog\/wp-content\/uploads\/2024\/07\/no-llevar-mascarilla-en-el-coche.jpg","contentUrl":"https:\/\/helloauto.com\/blog\/wp-content\/uploads\/2024\/07\/no-llevar-mascarilla-en-el-coche.jpg","width":960,"height":421},{"@type":"BreadcrumbList","@id":"https:\/\/helloauto.com\/blog\/novedades\/en-que-situaciones-no-hace-falta-llevar-mascarilla-en-el-coche\/#breadcrumb","itemListElement":[{"@type":"ListItem","position":1,"name":"Home","item":"https:\/\/helloauto.com\/blog\/"},{"@type":"ListItem","position":2,"name":"En qu\u00e9 situaciones no hace falta llevar mascarilla en el coche"}]},{"@type":"WebSite","@id":"https:\/\/helloauto.com\/blog\/#website","url":"https:\/\/helloauto.com\/blog\/","name":"Blog de coches","description":"Actualidad y noticias de automoci\u00f3n y seguros de coche","publisher":{"@id":"https:\/\/helloauto.com\/blog\/#organization"},"alternateName":"Blog de coches Hello Auto","potentialAction":[{"@type":"SearchAction","target":{"@type":"EntryPoint","urlTemplate":"https:\/\/helloauto.com\/blog\/?s={search_term_string}"},"query-input":{"@type":"PropertyValueSpecification","valueRequired":true,"valueName":"search_term_string"}}],"inLanguage":"es"},{"@type":"Organization","@id":"https:\/\/helloauto.com\/blog\/#organization","name":"Hello Auto Blog","alternateName":"Blog de coches Hello Auto","url":"https:\/\/helloauto.com\/blog\/","logo":{"@type":"ImageObject","inLanguage":"es","@id":"https:\/\/helloauto.com\/blog\/#\/schema\/logo\/image\/","url":"https:\/\/helloauto.com\/blog\/wp-content\/uploads\/2024\/05\/cropped-cropped-Logo2.png","contentUrl":"https:\/\/helloauto.com\/blog\/wp-content\/uploads\/2024\/05\/cropped-cropped-Logo2.png","width":562,"height":95,"caption":"Hello Auto Blog"},"image":{"@id":"https:\/\/helloauto.com\/blog\/#\/schema\/logo\/image\/"},"sameAs":["https:\/\/www.facebook.com\/HelloAutoES\/","https:\/\/www.instagram.com\/helloautoes\/","https:\/\/www.linkedin.com\/company\/hello-auto-insurance\/","https:\/\/www.youtube.com\/@helloautoespana7032"]},{"@type":"Person","@id":"https:\/\/helloauto.com\/blog\/#\/schema\/person\/bcf77b4c32d26608fa75a3e4579aaf0b","name":"Nico G\u00e1lvez","url":"https:\/\/helloauto.com\/blog\/author\/nicogalvez\/"}]}},"_links":{"self":[{"href":"https:\/\/helloauto.com\/blog\/wp-json\/wp\/v2\/posts\/1003","targetHints":{"allow":["GET"]}}],"collection":[{"href":"https:\/\/helloauto.com\/blog\/wp-json\/wp\/v2\/posts"}],"about":[{"href":"https:\/\/helloauto.com\/blog\/wp-json\/wp\/v2\/types\/post"}],"author":[{"embeddable":true,"href":"https:\/\/helloauto.com\/blog\/wp-json\/wp\/v2\/users\/5"}],"replies":[{"embeddable":true,"href":"https:\/\/helloauto.com\/blog\/wp-json\/wp\/v2\/comments?post=1003"}],"version-history":[{"count":2,"href":"https:\/\/helloauto.com\/blog\/wp-json\/wp\/v2\/posts\/1003\/revisions"}],"predecessor-version":[{"id":1486,"href":"https:\/\/helloauto.com\/blog\/wp-json\/wp\/v2\/posts\/1003\/revisions\/1486"}],"wp:attachment":[{"href":"https:\/\/helloauto.com\/blog\/wp-json\/wp\/v2\/media?parent=1003"}],"wp:term":[{"taxonomy":"category","embeddable":true,"href":"https:\/\/helloauto.com\/blog\/wp-json\/wp\/v2\/categories?post=1003"},{"taxonomy":"post_tag","embeddable":true,"href":"https:\/\/helloauto.com\/blog\/wp-json\/wp\/v2\/tags?post=1003"}],"curies":[{"name":"wp","href":"https:\/\/api.w.org\/{rel}","templated":true}]}}